{"id":26218,"date":"2020-01-31T14:12:44","date_gmt":"2020-01-31T14:12:44","guid":{"rendered":"https:\/\/sertv.gob.pa\/crisolfm\/?p=26218"},"modified":"2020-01-31T14:12:44","modified_gmt":"2020-01-31T14:12:44","slug":"fallece-el-defensor-mexicano-de-la-mariposa-monarca","status":"publish","type":"post","link":"https:\/\/sertv.gob.pa\/crisolfm\/fallece-el-defensor-mexicano-de-la-mariposa-monarca\/","title":{"rendered":"Fallece el defensor mexicano de la mariposa monarca"},"content":{"rendered":"<p>El reconocido ambientalista mexicano, <strong>Homero G\u00f3mez<\/strong>, un aguerrido defensor de la mariposa monarca, fue hallado muerto en un pozo en el estado de Michoac\u00e1n (centro-oeste), informaron este mi\u00e9rcoles las autoridades locales.<\/p>\n<p>El activista de 50 a\u00f1os de edad y administrador del santuario de las mariposas monarcas en esa entidad hab\u00eda sido reportado como desaparecido desde el 14 de enero pasado.<\/p>\n<p>\u201cEl cuerpo fue trasladado al Servicio M\u00e9dico Forense para que se practique la necropsia de ley\u201d, indic\u00f3 la autoridad mediante un comunicado.<\/p>\n<p>La fiscal\u00eda local a\u00fan no ha determinado las causas que pudieron provocar la muerte del ambientalista, quien fung\u00eda como presidente del Consejo de Administraci\u00f3n del Ejido El Rosario, santuario de la mariposa monarca.<\/p>\n<p>Medios locales se\u00f1alaron que la fiscal\u00eda estatal convoc\u00f3 la semana pasada a 53 integrantes de la polic\u00eda para ser interrogados sobre la desaparici\u00f3n de G\u00f3mez, pero hasta ahora no se han manifestado sobre esas pesquisas.<\/p>\n<p>Activistas de la regi\u00f3n han se\u00f1alado que la muerte del l\u00edder ambiental podr\u00eda estar relacionada con las disputas de la tala ilegal de \u00e1rboles en la zona.<\/p>\n<p>Las \u00faltimas publicaciones de G\u00f3mez en redes sociales sobre temas referentes al santuario de la mariposa monarca sucedieron un d\u00eda antes de su desaparici\u00f3n.<\/p>\n<p>La mariposa Monarca (Danaus plexippus) recorre cada a\u00f1o hasta 4,500 kil\u00f3metros desde Canad\u00e1 y Estados Unidos para establecer sus colonias en los bosques templados de oyamel y pino en el centro-oeste de M\u00e9xico.<\/p>\n<p>Sin embargo, la poblaci\u00f3n de esta especie ha deca\u00eddo dr\u00e1sticamente debido a los insecticidas, la deforestaci\u00f3n y el cambio clim\u00e1tico.<\/p>\n<p>AFP<\/p>\n","protected":false},"excerpt":{"rendered":"<p>El reconocido ambientalista mexicano, Homero G\u00f3mez, un aguerrido defensor de <a href=\"https:\/\/sertv.gob.pa\/crisolfm\/fallece-el-defensor-mexicano-de-la-mariposa-monarca\/\"> [&#8230;]<\/a><\/p>\n","protected":false},"author":64,"featured_media":26219,"comment_status":"closed","ping_status":"closed","sticky":false,"template":"","format":"standard","meta":{"footnotes":""},"categories":[7],"tags":[],"class_list":["post-26218","post","type-post","status-publish","format-standard","has-post-thumbnail","hentry","category-ecologicas"],"_links":{"self":[{"href":"https:\/\/sertv.gob.pa\/crisolfm\/wp-json\/wp\/v2\/posts\/26218","targetHints":{"allow":["GET"]}}],"collection":[{"href":"https:\/\/sertv.gob.pa\/crisolfm\/wp-json\/wp\/v2\/posts"}],"about":[{"href":"https:\/\/sertv.gob.pa\/crisolfm\/wp-json\/wp\/v2\/types\/post"}],"author":[{"embeddable":true,"href":"https:\/\/sertv.gob.pa\/crisolfm\/wp-json\/wp\/v2\/users\/64"}],"replies":[{"embeddable":true,"href":"https:\/\/sertv.gob.pa\/crisolfm\/wp-json\/wp\/v2\/comments?post=26218"}],"version-history":[{"count":1,"href":"https:\/\/sertv.gob.pa\/crisolfm\/wp-json\/wp\/v2\/posts\/26218\/revisions"}],"predecessor-version":[{"id":26220,"href":"https:\/\/sertv.gob.pa\/crisolfm\/wp-json\/wp\/v2\/posts\/26218\/revisions\/26220"}],"wp:featuredmedia":[{"embeddable":true,"href":"https:\/\/sertv.gob.pa\/crisolfm\/wp-json\/wp\/v2\/media\/26219"}],"wp:attachment":[{"href":"https:\/\/sertv.gob.pa\/crisolfm\/wp-json\/wp\/v2\/media?parent=26218"}],"wp:term":[{"taxonomy":"category","embeddable":true,"href":"https:\/\/sertv.gob.pa\/crisolfm\/wp-json\/wp\/v2\/categories?post=26218"},{"taxonomy":"post_tag","embeddable":true,"href":"https:\/\/sertv.gob.pa\/crisolfm\/wp-json\/wp\/v2\/tags?post=26218"}],"curies":[{"name":"wp","href":"https:\/\/api.w.org\/{rel}","templated":true}]}}