{"id":26221,"date":"2020-01-31T14:22:24","date_gmt":"2020-01-31T14:22:24","guid":{"rendered":"https:\/\/sertv.gob.pa\/crisolfm\/?p=26221"},"modified":"2020-01-31T14:22:24","modified_gmt":"2020-01-31T14:22:24","slug":"estudiantes-de-medicina-de-todo-el-mundo-se-reuniran-en-panama","status":"publish","type":"post","link":"https:\/\/sertv.gob.pa\/crisolfm\/estudiantes-de-medicina-de-todo-el-mundo-se-reuniran-en-panama\/","title":{"rendered":"Estudiantes de medicina de todo el mundo se reunir\u00e1n en Panam\u00e1"},"content":{"rendered":"<p>Este a\u00f1o, el pa\u00eds ser\u00e1 sede del Congreso Mundial de Estudiantes de Medicina, que se realizar\u00e1 del 29 de julio al 8 de agosto del 2020 en el Hotel El Panam\u00e1.<\/p>\n<p>La Alianza Paname\u00f1a de Estudiantes de Medicina, organizadora de la actividad, anunci\u00f3 que en esta versi\u00f3n participar\u00e1n cerca de 135 pa\u00edses, los cuales abordar\u00e1n m\u00e9todos y t\u00e9cnicas para tratar la salud adolescente, la prevenci\u00f3n del suicidio y del VIH.<\/p>\n<p>El presidente de la organizaci\u00f3n, Martin Pretel, adelant\u00f3 que esperan la llegada de 1, 500 alumnos de medicina, procedentes de todos los continentes, para participar del evento. A\u00f1adi\u00f3 que infect\u00f3logos y psiquiatras nacionales e internacionales acudir\u00e1n al encuentro.<\/p>\n<p>&nbsp;<\/p>\n","protected":false},"excerpt":{"rendered":"<p>Este a\u00f1o, el pa\u00eds ser\u00e1 sede del Congreso Mundial de <a href=\"https:\/\/sertv.gob.pa\/crisolfm\/estudiantes-de-medicina-de-todo-el-mundo-se-reuniran-en-panama\/\"> [&#8230;]<\/a><\/p>\n","protected":false},"author":64,"featured_media":26222,"comment_status":"closed","ping_status":"closed","sticky":false,"template":"","format":"standard","meta":{"footnotes":""},"categories":[6],"tags":[],"class_list":["post-26221","post","type-post","status-publish","format-standard","has-post-thumbnail","hentry","category-culturales"],"_links":{"self":[{"href":"https:\/\/sertv.gob.pa\/crisolfm\/wp-json\/wp\/v2\/posts\/26221","targetHints":{"allow":["GET"]}}],"collection":[{"href":"https:\/\/sertv.gob.pa\/crisolfm\/wp-json\/wp\/v2\/posts"}],"about":[{"href":"https:\/\/sertv.gob.pa\/crisolfm\/wp-json\/wp\/v2\/types\/post"}],"author":[{"embeddable":true,"href":"https:\/\/sertv.gob.pa\/crisolfm\/wp-json\/wp\/v2\/users\/64"}],"replies":[{"embeddable":true,"href":"https:\/\/sertv.gob.pa\/crisolfm\/wp-json\/wp\/v2\/comments?post=26221"}],"version-history":[{"count":1,"href":"https:\/\/sertv.gob.pa\/crisolfm\/wp-json\/wp\/v2\/posts\/26221\/revisions"}],"predecessor-version":[{"id":26223,"href":"https:\/\/sertv.gob.pa\/crisolfm\/wp-json\/wp\/v2\/posts\/26221\/revisions\/26223"}],"wp:featuredmedia":[{"embeddable":true,"href":"https:\/\/sertv.gob.pa\/crisolfm\/wp-json\/wp\/v2\/media\/26222"}],"wp:attachment":[{"href":"https:\/\/sertv.gob.pa\/crisolfm\/wp-json\/wp\/v2\/media?parent=26221"}],"wp:term":[{"taxonomy":"category","embeddable":true,"href":"https:\/\/sertv.gob.pa\/crisolfm\/wp-json\/wp\/v2\/categories?post=26221"},{"taxonomy":"post_tag","embeddable":true,"href":"https:\/\/sertv.gob.pa\/crisolfm\/wp-json\/wp\/v2\/tags?post=26221"}],"curies":[{"name":"wp","href":"https:\/\/api.w.org\/{rel}","templated":true}]}}