{"id":26237,"date":"2020-01-31T14:58:02","date_gmt":"2020-01-31T14:58:02","guid":{"rendered":"https:\/\/sertv.gob.pa\/crisolfm\/?p=26237"},"modified":"2020-01-31T14:58:02","modified_gmt":"2020-01-31T14:58:02","slug":"la-contaminacion-es-nefasta-para-el-cerebro-de-los-ninos","status":"publish","type":"post","link":"https:\/\/sertv.gob.pa\/crisolfm\/la-contaminacion-es-nefasta-para-el-cerebro-de-los-ninos\/","title":{"rendered":"La contaminaci\u00f3n es \u2018nefasta\u2019 para el cerebro de los ni\u00f1os"},"content":{"rendered":"<p>El estudio encontr\u00f3 que los ni\u00f1os con <strong>niveles m\u00e1s altos de exposici\u00f3n a contaminaci\u00f3n<\/strong> al nacer tuvieron reducciones a la edad de 12 a\u00f1os en el volumen de materia gris y el grosor cortical en comparaci\u00f3n con los ni\u00f1os con niveles m\u00e1s bajos de exposici\u00f3n.<\/p>\n<p>Los resultados de este estudio, aunque son exploratorios, sugieren que el lugar donde vives y el aire que respiras puede afectar a la forma en que se desarrolla tu cerebro\u00bb, avanza Travis Beckwith, investigador de Hospital de Ni\u00f1os de Cincinnati y autor principal del estudio.<\/p>\n<p>\u00abAunque el porcentaje de p\u00e9rdida es mucho menor de lo que podr\u00eda verse en un estado de enfermedad degenerativa, esta p\u00e9rdida puede ser suficiente para influir en el desarrollo de varios procesos f\u00edsicos y mentales\u00bb, puntualiza.<\/p>\n<p>La <strong>materia gris <\/strong>incluye regiones del cerebro involucradas en el control motor y en la percepci\u00f3n sensorial, como ver y o\u00edr. El grosor cortical refleja la profundidad exterior de la materia gris.<\/p>\n<p>El estudio encontr\u00f3 que las regiones espec\u00edficas en los l\u00f3bulos frontal y parietal y el cerebelo se vieron afectadas con disminuciones del orden del 3 al 4 por ciento.<\/p>\n<p>\u00abSi la exposici\u00f3n temprana a la contaminaci\u00f3n del tr\u00e1fico da\u00f1a irreversiblemente el desarrollo del cerebro, las consecuencias estructurales podr\u00edan persistir independientemente del punto de tiempo para un examen posterior\u00bb, destaca el doctor Beckwith.<\/p>\n<p>Los investigadores del estudio utilizaron im\u00e1genes de resonancia magn\u00e9tica para obtener<strong> im\u00e1genes anat\u00f3micas<\/strong> del cerebro de 147 ni\u00f1os de 12 a\u00f1os.<\/p>\n<p>&nbsp;<\/p>\n<p>ECOticias<\/p>\n","protected":false},"excerpt":{"rendered":"<p>El estudio encontr\u00f3 que los ni\u00f1os con niveles m\u00e1s altos <a href=\"https:\/\/sertv.gob.pa\/crisolfm\/la-contaminacion-es-nefasta-para-el-cerebro-de-los-ninos\/\"> [&#8230;]<\/a><\/p>\n","protected":false},"author":64,"featured_media":26238,"comment_status":"closed","ping_status":"closed","sticky":false,"template":"","format":"standard","meta":{"footnotes":""},"categories":[7],"tags":[],"class_list":["post-26237","post","type-post","status-publish","format-standard","has-post-thumbnail","hentry","category-ecologicas"],"_links":{"self":[{"href":"https:\/\/sertv.gob.pa\/crisolfm\/wp-json\/wp\/v2\/posts\/26237","targetHints":{"allow":["GET"]}}],"collection":[{"href":"https:\/\/sertv.gob.pa\/crisolfm\/wp-json\/wp\/v2\/posts"}],"about":[{"href":"https:\/\/sertv.gob.pa\/crisolfm\/wp-json\/wp\/v2\/types\/post"}],"author":[{"embeddable":true,"href":"https:\/\/sertv.gob.pa\/crisolfm\/wp-json\/wp\/v2\/users\/64"}],"replies":[{"embeddable":true,"href":"https:\/\/sertv.gob.pa\/crisolfm\/wp-json\/wp\/v2\/comments?post=26237"}],"version-history":[{"count":1,"href":"https:\/\/sertv.gob.pa\/crisolfm\/wp-json\/wp\/v2\/posts\/26237\/revisions"}],"predecessor-version":[{"id":26239,"href":"https:\/\/sertv.gob.pa\/crisolfm\/wp-json\/wp\/v2\/posts\/26237\/revisions\/26239"}],"wp:featuredmedia":[{"embeddable":true,"href":"https:\/\/sertv.gob.pa\/crisolfm\/wp-json\/wp\/v2\/media\/26238"}],"wp:attachment":[{"href":"https:\/\/sertv.gob.pa\/crisolfm\/wp-json\/wp\/v2\/media?parent=26237"}],"wp:term":[{"taxonomy":"category","embeddable":true,"href":"https:\/\/sertv.gob.pa\/crisolfm\/wp-json\/wp\/v2\/categories?post=26237"},{"taxonomy":"post_tag","embeddable":true,"href":"https:\/\/sertv.gob.pa\/crisolfm\/wp-json\/wp\/v2\/tags?post=26237"}],"curies":[{"name":"wp","href":"https:\/\/api.w.org\/{rel}","templated":true}]}}