{"id":26247,"date":"2020-02-04T13:19:20","date_gmt":"2020-02-04T13:19:20","guid":{"rendered":"https:\/\/sertv.gob.pa\/crisolfm\/?p=26247"},"modified":"2020-02-04T13:19:20","modified_gmt":"2020-02-04T13:19:20","slug":"lider-indigena-llama-a-salvar-la-amazonia","status":"publish","type":"post","link":"https:\/\/sertv.gob.pa\/crisolfm\/lider-indigena-llama-a-salvar-la-amazonia\/","title":{"rendered":"L\u00edder ind\u00edgena llama a salvar la Amazonia"},"content":{"rendered":"<p>El l\u00edder ind\u00edgena yanomami Davi Kopenawa, conocido como el Dalai Lama amaz\u00f3nico, premiado en 2019 con el <strong>Right Livelihood Award<\/strong> o \u201cNobel alternativo\u201d, explic\u00f3 en una entrevista con la AFP su llamado \u201curgente\u201d al mundo de ayuda frente al gobierno de Jair Bolsonaro.<\/p>\n<p>Junto a otros tres l\u00edderes amaz\u00f3nicos \u2013Dario Yanomami, Raoni Metuktire y Megaron Txucarramae\u2013 Davi Kopenawa entreg\u00f3 ayer en Londres una carta en la que piden al primer ministro brit\u00e1nico, Boris Johnson, y otros l\u00edderes europeos que no acepten en sus pa\u00edses el oro y otros productos que responsabilizan de la destrucci\u00f3n de sus tierras.<\/p>\n<p>El primer ministro no vino a vernos personalmente, nos reunimos con un empleado. Le hemos escrito una carta. En ella hablamos sobre los invasores de la Amazonia, sobre problemas como las enfermedades, la demarcaci\u00f3n de nuestras tierras y tambi\u00e9n la miner\u00eda de oro ilegal, de lo que el gobierno est\u00e1 destruyendo al cooperar con gente que quiere cortar los \u00e1rboles.<\/p>\n<p>Hemos escrito esta carta para que el primer ministro la lea y piense en ello y luego hable con otras autoridades europeas.<\/p>\n<p>Mi mensaje para el mundo entero, mi sue\u00f1o, mi pensamiento, lo que estoy diciendo, es que quiero que todo el mundo, que los europeos me oigan y que nos ayuden.<\/p>\n<p>Necesitamos que las autoridades tomen medidas y pedir al presidente (Jair) Bolsonaro que expulse a los mineros ilegales de la tierra Yanomami, este es mi mensaje urgente hoy.<\/p>\n<p>AFP<\/p>\n","protected":false},"excerpt":{"rendered":"<p>El l\u00edder ind\u00edgena yanomami Davi Kopenawa, conocido como el Dalai <a href=\"https:\/\/sertv.gob.pa\/crisolfm\/lider-indigena-llama-a-salvar-la-amazonia\/\"> [&#8230;]<\/a><\/p>\n","protected":false},"author":64,"featured_media":26248,"comment_status":"closed","ping_status":"closed","sticky":false,"template":"","format":"standard","meta":{"footnotes":""},"categories":[7],"tags":[],"class_list":["post-26247","post","type-post","status-publish","format-standard","has-post-thumbnail","hentry","category-ecologicas"],"_links":{"self":[{"href":"https:\/\/sertv.gob.pa\/crisolfm\/wp-json\/wp\/v2\/posts\/26247","targetHints":{"allow":["GET"]}}],"collection":[{"href":"https:\/\/sertv.gob.pa\/crisolfm\/wp-json\/wp\/v2\/posts"}],"about":[{"href":"https:\/\/sertv.gob.pa\/crisolfm\/wp-json\/wp\/v2\/types\/post"}],"author":[{"embeddable":true,"href":"https:\/\/sertv.gob.pa\/crisolfm\/wp-json\/wp\/v2\/users\/64"}],"replies":[{"embeddable":true,"href":"https:\/\/sertv.gob.pa\/crisolfm\/wp-json\/wp\/v2\/comments?post=26247"}],"version-history":[{"count":1,"href":"https:\/\/sertv.gob.pa\/crisolfm\/wp-json\/wp\/v2\/posts\/26247\/revisions"}],"predecessor-version":[{"id":26249,"href":"https:\/\/sertv.gob.pa\/crisolfm\/wp-json\/wp\/v2\/posts\/26247\/revisions\/26249"}],"wp:featuredmedia":[{"embeddable":true,"href":"https:\/\/sertv.gob.pa\/crisolfm\/wp-json\/wp\/v2\/media\/26248"}],"wp:attachment":[{"href":"https:\/\/sertv.gob.pa\/crisolfm\/wp-json\/wp\/v2\/media?parent=26247"}],"wp:term":[{"taxonomy":"category","embeddable":true,"href":"https:\/\/sertv.gob.pa\/crisolfm\/wp-json\/wp\/v2\/categories?post=26247"},{"taxonomy":"post_tag","embeddable":true,"href":"https:\/\/sertv.gob.pa\/crisolfm\/wp-json\/wp\/v2\/tags?post=26247"}],"curies":[{"name":"wp","href":"https:\/\/api.w.org\/{rel}","templated":true}]}}