{"id":26250,"date":"2020-02-04T13:24:08","date_gmt":"2020-02-04T13:24:08","guid":{"rendered":"https:\/\/sertv.gob.pa\/crisolfm\/?p=26250"},"modified":"2020-02-04T13:24:08","modified_gmt":"2020-02-04T13:24:08","slug":"reforestan-manglar-de-la-reserva-forestal-y-marina-de-santa-ana-en-los-santos","status":"publish","type":"post","link":"https:\/\/sertv.gob.pa\/crisolfm\/reforestan-manglar-de-la-reserva-forestal-y-marina-de-santa-ana-en-los-santos\/","title":{"rendered":"Reforestan manglar de la Reserva Forestal y Marina de Santa Ana en Los Santos"},"content":{"rendered":"<p>Por iniciativa de los integrantes del Centro Regional para el Hemisferio Occidental este domingo 2 de febrero se efectu\u00f3 una restauraci\u00f3n de manglares en la Reserva Forestal y Marina de Santa Ana, en la provincia de Los Santos.<\/p>\n<p>El director regional del Ministerio de Ambiente de Los Santos, Emilio Castillo, manifest\u00f3 que en esa actividad, que se llev\u00f3 a cabo con el apoyo de la instituci\u00f3n, se sembraron cerca de 250 plantones de mangle rojo y negro. Castillo a\u00f1adi\u00f3 que esa restauraci\u00f3n de manglares cont\u00f3 con la participaci\u00f3n de gran cantidad de voluntarios, incluyendo estudiantes y funcionarios de Herrera y Los Santos.<\/p>\n<p>El director regional sostuvo que aunque esta reforestaci\u00f3n se da en temporada seca la tierra estaba bastante h\u00fameda. \u201cSembramos para aprovechar el aguaje (marea alta) de los pr\u00f3ximos d\u00edas\u201d, sentenci\u00f3.<\/p>\n<p>Castillo agreg\u00f3 que se repobl\u00f3 para proteger la cortina boscosa natural que evite el avance del mar a la tierra firme.<\/p>\n<p>&nbsp;<\/p>\n","protected":false},"excerpt":{"rendered":"<p>Por iniciativa de los integrantes del Centro Regional para el <a href=\"https:\/\/sertv.gob.pa\/crisolfm\/reforestan-manglar-de-la-reserva-forestal-y-marina-de-santa-ana-en-los-santos\/\"> [&#8230;]<\/a><\/p>\n","protected":false},"author":64,"featured_media":26251,"comment_status":"closed","ping_status":"closed","sticky":false,"template":"","format":"standard","meta":{"footnotes":""},"categories":[7],"tags":[],"class_list":["post-26250","post","type-post","status-publish","format-standard","has-post-thumbnail","hentry","category-ecologicas"],"_links":{"self":[{"href":"https:\/\/sertv.gob.pa\/crisolfm\/wp-json\/wp\/v2\/posts\/26250","targetHints":{"allow":["GET"]}}],"collection":[{"href":"https:\/\/sertv.gob.pa\/crisolfm\/wp-json\/wp\/v2\/posts"}],"about":[{"href":"https:\/\/sertv.gob.pa\/crisolfm\/wp-json\/wp\/v2\/types\/post"}],"author":[{"embeddable":true,"href":"https:\/\/sertv.gob.pa\/crisolfm\/wp-json\/wp\/v2\/users\/64"}],"replies":[{"embeddable":true,"href":"https:\/\/sertv.gob.pa\/crisolfm\/wp-json\/wp\/v2\/comments?post=26250"}],"version-history":[{"count":1,"href":"https:\/\/sertv.gob.pa\/crisolfm\/wp-json\/wp\/v2\/posts\/26250\/revisions"}],"predecessor-version":[{"id":26252,"href":"https:\/\/sertv.gob.pa\/crisolfm\/wp-json\/wp\/v2\/posts\/26250\/revisions\/26252"}],"wp:featuredmedia":[{"embeddable":true,"href":"https:\/\/sertv.gob.pa\/crisolfm\/wp-json\/wp\/v2\/media\/26251"}],"wp:attachment":[{"href":"https:\/\/sertv.gob.pa\/crisolfm\/wp-json\/wp\/v2\/media?parent=26250"}],"wp:term":[{"taxonomy":"category","embeddable":true,"href":"https:\/\/sertv.gob.pa\/crisolfm\/wp-json\/wp\/v2\/categories?post=26250"},{"taxonomy":"post_tag","embeddable":true,"href":"https:\/\/sertv.gob.pa\/crisolfm\/wp-json\/wp\/v2\/tags?post=26250"}],"curies":[{"name":"wp","href":"https:\/\/api.w.org\/{rel}","templated":true}]}}