{"id":26256,"date":"2020-02-04T13:57:00","date_gmt":"2020-02-04T13:57:00","guid":{"rendered":"https:\/\/sertv.gob.pa\/crisolfm\/?p=26256"},"modified":"2020-02-04T13:57:00","modified_gmt":"2020-02-04T13:57:00","slug":"panalandia-abre-cartelera-de-festivales","status":"publish","type":"post","link":"https:\/\/sertv.gob.pa\/crisolfm\/panalandia-abre-cartelera-de-festivales\/","title":{"rendered":"Panalandia abre cartelera de festivales"},"content":{"rendered":"<p>En Panam\u00e1 est\u00e1n programados para 2020 al menos 12 festivales y muestras de cine de diferentes g\u00e9neros, comenzando con el <strong>Festival de Cine Pobre Panalandia<\/strong>, que celebrar\u00e1 dentro de poco su s\u00e9ptima edici\u00f3n, de 5 al 8 de febrero en Penonom\u00e9, Cocl\u00e9, con la proyecci\u00f3n de 57 pel\u00edculas.<\/p>\n<p>Panalandia presentar\u00e1 funciones diarias desde las 6:30 p.m. en su sede principal, el Museo Hermanos Arias Madrid, con documentales, cortometrajes de ficci\u00f3n y de animaci\u00f3n y videoclips provenientes de Costa Rica, Honduras, El Salvador, Guatemala, Colombia, Cuba y Argentina, adem\u00e1s de las producciones paname\u00f1as, todas en el marco del concepto que maneja el festival desde su nombre: mostrar que la falta de presupuesto no debe ser un obst\u00e1culo definitivo para hacer cine y que hay que buscar las alternativas para poder contar las historias y transmitir los mensajes.<\/p>\n<p>Jornadas formativas en las ma\u00f1anas y tardes (conversatorios sobre cine social, plataformas de intercambio, talleres de gui\u00f3n, producci\u00f3n y direcci\u00f3n, etc.) y espect\u00e1culos art\u00edsticos en las noches (m\u00fasica folcl\u00f3rica, roots, danza del cucu\u00e1, etc.) complementan la oferta del evento de entrada libre, organizado por la Fundaci\u00f3n Mente P\u00fablica y Proyecto Artesano de Penonom\u00e9. La programaci\u00f3n \u00edntegra se detalla en el portal panalandia.info.<\/p>\n<p>Panalandia es el punto de partida del calendario de festivales y muestras de cine que se han ido consolidando en el pa\u00eds hace una d\u00e9cada, algunos que fechas ya confirmadas y el resto a\u00fan con agendas tentativas.<\/p>\n<p>&nbsp;<\/p>\n","protected":false},"excerpt":{"rendered":"<p>En Panam\u00e1 est\u00e1n programados para 2020 al menos 12 festivales <a href=\"https:\/\/sertv.gob.pa\/crisolfm\/panalandia-abre-cartelera-de-festivales\/\"> [&#8230;]<\/a><\/p>\n","protected":false},"author":64,"featured_media":26257,"comment_status":"closed","ping_status":"closed","sticky":false,"template":"","format":"standard","meta":{"footnotes":""},"categories":[6],"tags":[],"class_list":["post-26256","post","type-post","status-publish","format-standard","has-post-thumbnail","hentry","category-culturales"],"_links":{"self":[{"href":"https:\/\/sertv.gob.pa\/crisolfm\/wp-json\/wp\/v2\/posts\/26256","targetHints":{"allow":["GET"]}}],"collection":[{"href":"https:\/\/sertv.gob.pa\/crisolfm\/wp-json\/wp\/v2\/posts"}],"about":[{"href":"https:\/\/sertv.gob.pa\/crisolfm\/wp-json\/wp\/v2\/types\/post"}],"author":[{"embeddable":true,"href":"https:\/\/sertv.gob.pa\/crisolfm\/wp-json\/wp\/v2\/users\/64"}],"replies":[{"embeddable":true,"href":"https:\/\/sertv.gob.pa\/crisolfm\/wp-json\/wp\/v2\/comments?post=26256"}],"version-history":[{"count":1,"href":"https:\/\/sertv.gob.pa\/crisolfm\/wp-json\/wp\/v2\/posts\/26256\/revisions"}],"predecessor-version":[{"id":26258,"href":"https:\/\/sertv.gob.pa\/crisolfm\/wp-json\/wp\/v2\/posts\/26256\/revisions\/26258"}],"wp:featuredmedia":[{"embeddable":true,"href":"https:\/\/sertv.gob.pa\/crisolfm\/wp-json\/wp\/v2\/media\/26257"}],"wp:attachment":[{"href":"https:\/\/sertv.gob.pa\/crisolfm\/wp-json\/wp\/v2\/media?parent=26256"}],"wp:term":[{"taxonomy":"category","embeddable":true,"href":"https:\/\/sertv.gob.pa\/crisolfm\/wp-json\/wp\/v2\/categories?post=26256"},{"taxonomy":"post_tag","embeddable":true,"href":"https:\/\/sertv.gob.pa\/crisolfm\/wp-json\/wp\/v2\/tags?post=26256"}],"curies":[{"name":"wp","href":"https:\/\/api.w.org\/{rel}","templated":true}]}}