{"id":26259,"date":"2020-02-04T14:21:22","date_gmt":"2020-02-04T14:21:22","guid":{"rendered":"https:\/\/sertv.gob.pa\/crisolfm\/?p=26259"},"modified":"2020-02-04T14:21:22","modified_gmt":"2020-02-04T14:21:22","slug":"up-busca-determinar-la-causa-de-la-muerte-de-millones-de-abejas","status":"publish","type":"post","link":"https:\/\/sertv.gob.pa\/crisolfm\/up-busca-determinar-la-causa-de-la-muerte-de-millones-de-abejas\/","title":{"rendered":"UP busca determinar la causa de la muerte de millones de abejas"},"content":{"rendered":"<p>La Facultad de Ciencias Agropecuarias de la Universidad de Panam\u00e1 (UP) est\u00e1 tras la pista de la muerte de millones de abejas en apiarios de la provincia de Chiriqu\u00ed, el fin de semana pasado.<\/p>\n<p>Eldis Barnes, decano de la Facultad de Ciencias Agropecuarias, explic\u00f3 que se estar\u00e1n tomando muestras para llevarlas a un laboratorio y determinar la causa de la muerte masiva de los insectos. Los resultados ser\u00e1n anexados a un expediente administrativo y penal que adelanta el Ministerio de Ambiente (Miambiente) y el Ministerio P\u00fablico (MP) para buscar a los responsables de los hechos. La denuncia fue interpuesta por funcionarios de la UP.<\/p>\n<p>Las abejas de los apiarios universitarios generaban entre $40 y $50 en producci\u00f3n de miel. Los ingresos permit\u00edan mantener el proyecto de investigaci\u00f3n y docencia de la escuela agropecuaria. \u201cPerdimos toda la cosecha de este a\u00f1o. Esto es un crimen ecol\u00f3gico de dif\u00edcil recuperaci\u00f3n\u201d, manifest\u00f3 Barnes. Las p\u00e9rdidas se calculan entre 200 mil y 300 mil d\u00f3lares. Y se estima que recuperar los apiarios tardar\u00e1 por lo menos 3 a\u00f1os. La informaci\u00f3n que se maneja es que otros productores de miel igualmente fueron afectados.<\/p>\n<p>Barnes est\u00e1 convencido de que los insectos perecieron a consecuencia de una fumigaci\u00f3n \u00e1rea con agroqu\u00edmicos. El docente cree que los qu\u00edmicos fueron movidos por el viento hasta llegar a los apiarios universitarios.<\/p>\n<p>\u201cLas abejas son vida silvestre que fue afectada por la contaminaci\u00f3n\u201d, dijo el ambientalista y abogado Harley Mitchel.<\/p>\n<p>Miambiente debe determinar si las empresas o personas que utilizaron los agroqu\u00edmicos contaban con permiso. \u201cSi lo ten\u00edan y abusaron, igual deber\u00edan ser castigados\u201d, expres\u00f3 tajante el abogado y ambientalista. Agreg\u00f3 que la universidad puede exigir responsabilidades civiles por estos hechos.<\/p>\n","protected":false},"excerpt":{"rendered":"<p>La Facultad de Ciencias Agropecuarias de la Universidad de Panam\u00e1 <a href=\"https:\/\/sertv.gob.pa\/crisolfm\/up-busca-determinar-la-causa-de-la-muerte-de-millones-de-abejas\/\"> [&#8230;]<\/a><\/p>\n","protected":false},"author":64,"featured_media":26260,"comment_status":"closed","ping_status":"closed","sticky":false,"template":"","format":"standard","meta":{"footnotes":""},"categories":[7],"tags":[],"class_list":["post-26259","post","type-post","status-publish","format-standard","has-post-thumbnail","hentry","category-ecologicas"],"_links":{"self":[{"href":"https:\/\/sertv.gob.pa\/crisolfm\/wp-json\/wp\/v2\/posts\/26259","targetHints":{"allow":["GET"]}}],"collection":[{"href":"https:\/\/sertv.gob.pa\/crisolfm\/wp-json\/wp\/v2\/posts"}],"about":[{"href":"https:\/\/sertv.gob.pa\/crisolfm\/wp-json\/wp\/v2\/types\/post"}],"author":[{"embeddable":true,"href":"https:\/\/sertv.gob.pa\/crisolfm\/wp-json\/wp\/v2\/users\/64"}],"replies":[{"embeddable":true,"href":"https:\/\/sertv.gob.pa\/crisolfm\/wp-json\/wp\/v2\/comments?post=26259"}],"version-history":[{"count":1,"href":"https:\/\/sertv.gob.pa\/crisolfm\/wp-json\/wp\/v2\/posts\/26259\/revisions"}],"predecessor-version":[{"id":26261,"href":"https:\/\/sertv.gob.pa\/crisolfm\/wp-json\/wp\/v2\/posts\/26259\/revisions\/26261"}],"wp:featuredmedia":[{"embeddable":true,"href":"https:\/\/sertv.gob.pa\/crisolfm\/wp-json\/wp\/v2\/media\/26260"}],"wp:attachment":[{"href":"https:\/\/sertv.gob.pa\/crisolfm\/wp-json\/wp\/v2\/media?parent=26259"}],"wp:term":[{"taxonomy":"category","embeddable":true,"href":"https:\/\/sertv.gob.pa\/crisolfm\/wp-json\/wp\/v2\/categories?post=26259"},{"taxonomy":"post_tag","embeddable":true,"href":"https:\/\/sertv.gob.pa\/crisolfm\/wp-json\/wp\/v2\/tags?post=26259"}],"curies":[{"name":"wp","href":"https:\/\/api.w.org\/{rel}","templated":true}]}}