{"id":26266,"date":"2020-02-04T14:44:07","date_gmt":"2020-02-04T14:44:07","guid":{"rendered":"https:\/\/sertv.gob.pa\/crisolfm\/?p=26266"},"modified":"2020-02-04T14:44:07","modified_gmt":"2020-02-04T14:44:07","slug":"el-fae-2020-se-alista-para-una-nueva-edicion","status":"publish","type":"post","link":"https:\/\/sertv.gob.pa\/crisolfm\/el-fae-2020-se-alista-para-una-nueva-edicion\/","title":{"rendered":"El FAE 2020 se alista para una nueva edici\u00f3n"},"content":{"rendered":"<p>El\u00a0Festival Internacional de las Artes Esc\u00e9nicas de Panam\u00e1 (FAE) se alista para una nueva edici\u00f3n que condensar\u00e1 la denuncia de temas sociales y pol\u00edticos en escena.<\/p>\n<p>Del 17 al 23 de marzo,\u00a0agrupaciones de Espa\u00f1a, Francia, Portugal, Argentina, Colombia y M\u00e9xico, entre otros, realizar\u00e1n sus presentaciones con la intenci\u00f3n de preservar el valor de un discurso art\u00edstico con profundidad.<\/p>\n<p>Roberto King, hacedor de la cita cultural, dijo a la agencia<strong> EFE<\/strong> que\u00a0\u00ablos contenidos de las obras que traemos est\u00e1n vigentes, de momento, sociales, pol\u00edticos &#8230; el festival quiere mantenerse en esa din\u00e1mica de darle a la gente unas artes esc\u00e9nicas con contenido\u00bb.<\/p>\n<p>Para esta edici\u00f3n el festival dispone de unas 1,536 butacas en media docena de salas de teatro, en las que tambi\u00e9n actuar\u00e1n grupos nacionales, adem\u00e1s de las presentaciones al aire libre.<\/p>\n<p>As\u00ed como el Panama Jazz Festival, El Festival Internacional de Cine y la Feria Internacional del Libro, el FAE representa una de las apuestas culturales con mayor fuerza en el territorio istme\u00f1o.<\/p>\n<p>&nbsp;<\/p>\n","protected":false},"excerpt":{"rendered":"<p>El\u00a0Festival Internacional de las Artes Esc\u00e9nicas de Panam\u00e1 (FAE) se <a href=\"https:\/\/sertv.gob.pa\/crisolfm\/el-fae-2020-se-alista-para-una-nueva-edicion\/\"> [&#8230;]<\/a><\/p>\n","protected":false},"author":64,"featured_media":26267,"comment_status":"closed","ping_status":"closed","sticky":false,"template":"","format":"standard","meta":{"footnotes":""},"categories":[6],"tags":[],"class_list":["post-26266","post","type-post","status-publish","format-standard","has-post-thumbnail","hentry","category-culturales"],"_links":{"self":[{"href":"https:\/\/sertv.gob.pa\/crisolfm\/wp-json\/wp\/v2\/posts\/26266","targetHints":{"allow":["GET"]}}],"collection":[{"href":"https:\/\/sertv.gob.pa\/crisolfm\/wp-json\/wp\/v2\/posts"}],"about":[{"href":"https:\/\/sertv.gob.pa\/crisolfm\/wp-json\/wp\/v2\/types\/post"}],"author":[{"embeddable":true,"href":"https:\/\/sertv.gob.pa\/crisolfm\/wp-json\/wp\/v2\/users\/64"}],"replies":[{"embeddable":true,"href":"https:\/\/sertv.gob.pa\/crisolfm\/wp-json\/wp\/v2\/comments?post=26266"}],"version-history":[{"count":1,"href":"https:\/\/sertv.gob.pa\/crisolfm\/wp-json\/wp\/v2\/posts\/26266\/revisions"}],"predecessor-version":[{"id":26268,"href":"https:\/\/sertv.gob.pa\/crisolfm\/wp-json\/wp\/v2\/posts\/26266\/revisions\/26268"}],"wp:featuredmedia":[{"embeddable":true,"href":"https:\/\/sertv.gob.pa\/crisolfm\/wp-json\/wp\/v2\/media\/26267"}],"wp:attachment":[{"href":"https:\/\/sertv.gob.pa\/crisolfm\/wp-json\/wp\/v2\/media?parent=26266"}],"wp:term":[{"taxonomy":"category","embeddable":true,"href":"https:\/\/sertv.gob.pa\/crisolfm\/wp-json\/wp\/v2\/categories?post=26266"},{"taxonomy":"post_tag","embeddable":true,"href":"https:\/\/sertv.gob.pa\/crisolfm\/wp-json\/wp\/v2\/tags?post=26266"}],"curies":[{"name":"wp","href":"https:\/\/api.w.org\/{rel}","templated":true}]}}