{"id":26269,"date":"2020-02-04T14:51:37","date_gmt":"2020-02-04T14:51:37","guid":{"rendered":"https:\/\/sertv.gob.pa\/crisolfm\/?p=26269"},"modified":"2020-02-04T14:51:37","modified_gmt":"2020-02-04T14:51:37","slug":"panama-en-la-iii-feria-latinoamericana-del-libro-cartagena-indias","status":"publish","type":"post","link":"https:\/\/sertv.gob.pa\/crisolfm\/panama-en-la-iii-feria-latinoamericana-del-libro-cartagena-indias\/","title":{"rendered":"Panam\u00e1 en la \u201cIII Feria Latinoamericana del Libro Cartagena Indias\u201d"},"content":{"rendered":"<p>La ciudad de Cartagena de Indias, en el Caribe colombiano, acoger\u00e1 del 21 al 25 de julio de 2020, la III Feria Latinoam\u00e9rica del Libro que contar\u00e1 con la participaci\u00f3n especial de la poeta paname\u00f1a Flor Lizondro y la actriz, docente y poeta ecuatoriana Judith Bonilla, entre otros invitados internacionales.<\/p>\n<p>Walter Caicedo, director de FELICAR, expres\u00f3 que la polifac\u00e9tica Flor Lizondro, cerrar\u00e1 el acto de inauguraci\u00f3n con su recital musical llamado Mi Br\u00fajula. La poeta y escritora es periodista, relacionista p\u00fablica y locutora de noticias de una importante emisora en Panam\u00e1, KW Continente.<\/p>\n<p>Por Colombia se contar\u00e1 con el poeta, Jos\u00e9 Luis D\u00edaz Granados; la escritora, Margarita Posada; el escritor, novelista y director de cine y televisi\u00f3n y hoy senador de la Rep\u00fablica de Colombia, Gustavo Bol\u00edvar; el fot\u00f3grafo Jes\u00fas Abad Colorado, Gabriel Torres Garc\u00eda, sobrino del premio nobel de Literatura Gabriel Garc\u00eda M\u00e1rquez, y la reconocida actriz, modelo y presentadora Amparo Grisales, entre otras personalidades.<\/p>\n<p>Adem\u00e1s de la participaci\u00f3n especial del poeta, narrador y cantautor argentino, Jorge Figueroa, quien presentar\u00e1 su tema musical \u00abDama Cartagena\u00bb, himno de la Feria Latinoamericana del Libro Cartagena de Indias.<\/p>\n<p>El escenario central de esta tercera versi\u00f3n ser\u00e1 el Centro de Formaci\u00f3n de la Cooperaci\u00f3n Espa\u00f1ola, ubicado en la plaza Santo Domingo, en la ciudad amurallada del centro de la ciudad<\/p>\n<p>&nbsp;<\/p>\n","protected":false},"excerpt":{"rendered":"<p>La ciudad de Cartagena de Indias, en el Caribe colombiano, <a href=\"https:\/\/sertv.gob.pa\/crisolfm\/panama-en-la-iii-feria-latinoamericana-del-libro-cartagena-indias\/\"> [&#8230;]<\/a><\/p>\n","protected":false},"author":64,"featured_media":26270,"comment_status":"closed","ping_status":"closed","sticky":false,"template":"","format":"standard","meta":{"footnotes":""},"categories":[6],"tags":[],"class_list":["post-26269","post","type-post","status-publish","format-standard","has-post-thumbnail","hentry","category-culturales"],"_links":{"self":[{"href":"https:\/\/sertv.gob.pa\/crisolfm\/wp-json\/wp\/v2\/posts\/26269","targetHints":{"allow":["GET"]}}],"collection":[{"href":"https:\/\/sertv.gob.pa\/crisolfm\/wp-json\/wp\/v2\/posts"}],"about":[{"href":"https:\/\/sertv.gob.pa\/crisolfm\/wp-json\/wp\/v2\/types\/post"}],"author":[{"embeddable":true,"href":"https:\/\/sertv.gob.pa\/crisolfm\/wp-json\/wp\/v2\/users\/64"}],"replies":[{"embeddable":true,"href":"https:\/\/sertv.gob.pa\/crisolfm\/wp-json\/wp\/v2\/comments?post=26269"}],"version-history":[{"count":1,"href":"https:\/\/sertv.gob.pa\/crisolfm\/wp-json\/wp\/v2\/posts\/26269\/revisions"}],"predecessor-version":[{"id":26271,"href":"https:\/\/sertv.gob.pa\/crisolfm\/wp-json\/wp\/v2\/posts\/26269\/revisions\/26271"}],"wp:featuredmedia":[{"embeddable":true,"href":"https:\/\/sertv.gob.pa\/crisolfm\/wp-json\/wp\/v2\/media\/26270"}],"wp:attachment":[{"href":"https:\/\/sertv.gob.pa\/crisolfm\/wp-json\/wp\/v2\/media?parent=26269"}],"wp:term":[{"taxonomy":"category","embeddable":true,"href":"https:\/\/sertv.gob.pa\/crisolfm\/wp-json\/wp\/v2\/categories?post=26269"},{"taxonomy":"post_tag","embeddable":true,"href":"https:\/\/sertv.gob.pa\/crisolfm\/wp-json\/wp\/v2\/tags?post=26269"}],"curies":[{"name":"wp","href":"https:\/\/api.w.org\/{rel}","templated":true}]}}