{"id":26286,"date":"2020-02-05T13:31:51","date_gmt":"2020-02-05T13:31:51","guid":{"rendered":"https:\/\/sertv.gob.pa\/crisolfm\/?p=26286"},"modified":"2020-02-05T13:31:51","modified_gmt":"2020-02-05T13:31:51","slug":"ganadores-del-concurso-de-excelencia-educativa-asisten-a-una-capacitacion-en-colombia","status":"publish","type":"post","link":"https:\/\/sertv.gob.pa\/crisolfm\/ganadores-del-concurso-de-excelencia-educativa-asisten-a-una-capacitacion-en-colombia\/","title":{"rendered":"Ganadores del concurso de excelencia educativa asisten a una capacitaci\u00f3n en Colombia"},"content":{"rendered":"<p>Unas 36 personas entre directores y docentes de las escuelas p\u00fablicas, que ganaron el<strong> Concurso Nacional de Excelencia Educativa, <\/strong>que desde hace 4 a\u00f1os organiza la Fundaci\u00f3n para la Promoci\u00f3n de la Excelencia Educativa participaron en la ciudad de Medell\u00edn, Colombia, de un taller de capacitaci\u00f3n en t\u00e9cnicas inspiradoras y uso de nuevas herramientas educativas.<\/p>\n<p>La experiencia de una semana, con una sesi\u00f3n de seguimiento el pr\u00f3ximo mes de abril, aseguraron miembros de la Fundaci\u00f3n, los ayudar\u00e1 a redescubrir y reinventar su rol como docentes desde el pensamiento innovador explorando las posibilidades que el nuevo mundo proporciona.<\/p>\n<p>La representante de la Fundaci\u00f3n para la Promoci\u00f3n de la Excelencia Educativa,<strong> Adriana Ampudia<\/strong>, quien acompa\u00f1\u00f3 a los docentes en su viaje de capacitaci\u00f3n, calific\u00f3 como excelente la experiencia para todos los que participaron. De hecho, manifest\u00f3 que los docentes comentaron que a partir de este momento su manera de pensar sobre la evaluaci\u00f3n cambi\u00f3 y sienten que es esencial el adaptarse a los cambios y al esquema de aprendizaje que exige el nuevo orden global.<\/p>\n<p>&nbsp;<\/p>\n<p>&nbsp;<\/p>\n","protected":false},"excerpt":{"rendered":"<p>Unas 36 personas entre directores y docentes de las escuelas <a href=\"https:\/\/sertv.gob.pa\/crisolfm\/ganadores-del-concurso-de-excelencia-educativa-asisten-a-una-capacitacion-en-colombia\/\"> [&#8230;]<\/a><\/p>\n","protected":false},"author":64,"featured_media":26288,"comment_status":"closed","ping_status":"closed","sticky":false,"template":"","format":"standard","meta":{"footnotes":""},"categories":[6],"tags":[],"class_list":["post-26286","post","type-post","status-publish","format-standard","has-post-thumbnail","hentry","category-culturales"],"_links":{"self":[{"href":"https:\/\/sertv.gob.pa\/crisolfm\/wp-json\/wp\/v2\/posts\/26286","targetHints":{"allow":["GET"]}}],"collection":[{"href":"https:\/\/sertv.gob.pa\/crisolfm\/wp-json\/wp\/v2\/posts"}],"about":[{"href":"https:\/\/sertv.gob.pa\/crisolfm\/wp-json\/wp\/v2\/types\/post"}],"author":[{"embeddable":true,"href":"https:\/\/sertv.gob.pa\/crisolfm\/wp-json\/wp\/v2\/users\/64"}],"replies":[{"embeddable":true,"href":"https:\/\/sertv.gob.pa\/crisolfm\/wp-json\/wp\/v2\/comments?post=26286"}],"version-history":[{"count":1,"href":"https:\/\/sertv.gob.pa\/crisolfm\/wp-json\/wp\/v2\/posts\/26286\/revisions"}],"predecessor-version":[{"id":26289,"href":"https:\/\/sertv.gob.pa\/crisolfm\/wp-json\/wp\/v2\/posts\/26286\/revisions\/26289"}],"wp:featuredmedia":[{"embeddable":true,"href":"https:\/\/sertv.gob.pa\/crisolfm\/wp-json\/wp\/v2\/media\/26288"}],"wp:attachment":[{"href":"https:\/\/sertv.gob.pa\/crisolfm\/wp-json\/wp\/v2\/media?parent=26286"}],"wp:term":[{"taxonomy":"category","embeddable":true,"href":"https:\/\/sertv.gob.pa\/crisolfm\/wp-json\/wp\/v2\/categories?post=26286"},{"taxonomy":"post_tag","embeddable":true,"href":"https:\/\/sertv.gob.pa\/crisolfm\/wp-json\/wp\/v2\/tags?post=26286"}],"curies":[{"name":"wp","href":"https:\/\/api.w.org\/{rel}","templated":true}]}}