{"id":26325,"date":"2020-02-05T15:14:55","date_gmt":"2020-02-05T15:14:55","guid":{"rendered":"https:\/\/sertv.gob.pa\/crisolfm\/?p=26325"},"modified":"2020-02-05T15:14:55","modified_gmt":"2020-02-05T15:14:55","slug":"beethoven-no-estaba-completamente-sordo-y-pudo-escuchar-sus-ultimas-obras-maestras","status":"publish","type":"post","link":"https:\/\/sertv.gob.pa\/crisolfm\/beethoven-no-estaba-completamente-sordo-y-pudo-escuchar-sus-ultimas-obras-maestras\/","title":{"rendered":"Beethoven no estaba completamente sordo y pudo escuchar sus \u00faltimas obras maestras"},"content":{"rendered":"<p>La creencia extendida de que <strong>Ludwig van Beethoven (Bonn, 1770)<\/strong> estaba sordo y <a href=\"https:\/\/www.abc.es\/cultura\/musica\/abci-cuanto-sabes-musica-clasica-participa-nuestro-trivial-202002050141_noticia.html\" target=\"_blank\" rel=\"noopener\">no pudo escuchar las \u00faltimas obras maestras que compuso parece incierta<\/a> puesto que el music\u00f3logo <strong>Theodore Albrecht<\/strong>, de la Universidad de Kent, ha descubierto evidencias al respecto, seg\u00fan informa \u00abThe Guardian\u00bb.<\/p>\n<p>Albrecht, destacado experto en Beethoven, cuenta que la evidencia actual contradice la opini\u00f3n generalizada de que el compositor era <strong>profundamente sordo a la edad de 44 a\u00f1os<\/strong>, ya que las conversaciones garabateadas de los \u00faltimos a\u00f1os del genio alem\u00e1n sugieren que <strong>\u00abtodav\u00eda pod\u00eda escuchar algo\u00bb por el o\u00eddo izquierdo en 1824<\/strong>, tres a\u00f1os antes de su muerte a los 56 a\u00f1os.<\/p>\n<p>El music\u00f3logo considera esto, tal como le dijo al \u00abThe Observer\u00bb: \u00abEsto har\u00e1 que todos corran a revisar conceptos biogr\u00e1ficos\u00bb puesto que la historia de que compuso algunas de sus mejores obras maestras mientras <a href=\"https:\/\/www.abc.es\/cultura\/musica\/abci-beethoven-vuelve-casa-202002030044_noticia.html\" target=\"_blank\" rel=\"noopener\">estaba completamente sordo ya no se sostiene seg\u00fan el art\u00edculo con esta investigaci\u00f3n<\/a>, \u00abBeethoven of the hearing\u00bb, que saldr\u00e1 en \u00abThe Beethoven Journal\u00bb en febrero y en la edici\u00f3n de marzo de \u00abVienna Oboe Journal\u00bb.<\/p>\n<p>Aunque es cierto que Beethoven sufri\u00f3 un deterioro severo en su audici\u00f3n, <strong>no lo perdi\u00f3 \u00aba las profundidades m\u00e1s profundas\u00bb que los music\u00f3logos han asumido<\/strong>, explica Albrecth. \u00abNo solo Beethoven no estaba completamente sordo en el estreno de su Novena Sinfon\u00eda en mayo de 1824, pod\u00eda escuchar, aunque cada vez m\u00e1s d\u00e9bilmente, durante al menos dos a\u00f1os despu\u00e9s, probablemente hasta el \u00faltimo estreno que supervisar\u00eda, su Cuarteto de cuerda en B- plana, Op 130, en marzo de 1826\u201d, dice Albrecht.<\/p>\n<p>ABC Cultura<\/p>\n","protected":false},"excerpt":{"rendered":"<p>La creencia extendida de que Ludwig van Beethoven (Bonn, 1770) <a href=\"https:\/\/sertv.gob.pa\/crisolfm\/beethoven-no-estaba-completamente-sordo-y-pudo-escuchar-sus-ultimas-obras-maestras\/\"> [&#8230;]<\/a><\/p>\n","protected":false},"author":64,"featured_media":26326,"comment_status":"closed","ping_status":"closed","sticky":false,"template":"","format":"standard","meta":{"footnotes":""},"categories":[6],"tags":[],"class_list":["post-26325","post","type-post","status-publish","format-standard","has-post-thumbnail","hentry","category-culturales"],"_links":{"self":[{"href":"https:\/\/sertv.gob.pa\/crisolfm\/wp-json\/wp\/v2\/posts\/26325","targetHints":{"allow":["GET"]}}],"collection":[{"href":"https:\/\/sertv.gob.pa\/crisolfm\/wp-json\/wp\/v2\/posts"}],"about":[{"href":"https:\/\/sertv.gob.pa\/crisolfm\/wp-json\/wp\/v2\/types\/post"}],"author":[{"embeddable":true,"href":"https:\/\/sertv.gob.pa\/crisolfm\/wp-json\/wp\/v2\/users\/64"}],"replies":[{"embeddable":true,"href":"https:\/\/sertv.gob.pa\/crisolfm\/wp-json\/wp\/v2\/comments?post=26325"}],"version-history":[{"count":1,"href":"https:\/\/sertv.gob.pa\/crisolfm\/wp-json\/wp\/v2\/posts\/26325\/revisions"}],"predecessor-version":[{"id":26327,"href":"https:\/\/sertv.gob.pa\/crisolfm\/wp-json\/wp\/v2\/posts\/26325\/revisions\/26327"}],"wp:featuredmedia":[{"embeddable":true,"href":"https:\/\/sertv.gob.pa\/crisolfm\/wp-json\/wp\/v2\/media\/26326"}],"wp:attachment":[{"href":"https:\/\/sertv.gob.pa\/crisolfm\/wp-json\/wp\/v2\/media?parent=26325"}],"wp:term":[{"taxonomy":"category","embeddable":true,"href":"https:\/\/sertv.gob.pa\/crisolfm\/wp-json\/wp\/v2\/categories?post=26325"},{"taxonomy":"post_tag","embeddable":true,"href":"https:\/\/sertv.gob.pa\/crisolfm\/wp-json\/wp\/v2\/tags?post=26325"}],"curies":[{"name":"wp","href":"https:\/\/api.w.org\/{rel}","templated":true}]}}