{"id":26331,"date":"2020-02-05T17:30:06","date_gmt":"2020-02-05T17:30:06","guid":{"rendered":"https:\/\/sertv.gob.pa\/crisolfm\/?p=26331"},"modified":"2020-02-05T17:30:06","modified_gmt":"2020-02-05T17:30:06","slug":"inicia-en-colon-gira-de-consultas-y-participacion-ciudadana-por-ley-general-de-cultura","status":"publish","type":"post","link":"https:\/\/sertv.gob.pa\/crisolfm\/inicia-en-colon-gira-de-consultas-y-participacion-ciudadana-por-ley-general-de-cultura\/","title":{"rendered":"Inicia en Col\u00f3n gira de consultas y participaci\u00f3n ciudadana por Ley General de Cultura"},"content":{"rendered":"<p>La gira de consultas y participaci\u00f3n ciudadana para analizar y aportar al proyecto de Ley General de Cultura, organizado por la Comisi\u00f3n de Educaci\u00f3n, Cultura y Deportes de la Asamblea Nacional, con el apoyo del Ministerio de Cultura, inici\u00f3 en la provincia de Col\u00f3n con la presencia de artistas, docentes, gremios art\u00edsticos y culturales, estudiantes y padres de familia.<\/p>\n<p>El presidente de la comisi\u00f3n, H\u00e9ctor Brands y el diputado Luis Cruz, presidieron la sesi\u00f3n en compa\u00f1\u00eda del vice gobernador colonense Jorge Villanueva y la directiva del Ministerio de Cultura, encabezada por el ministro Carlos Aguilar Navarro, el vice ministro Gabriel Gonz\u00e1lez y el secretario general Jos\u00e9 Ismael Herrera.<\/p>\n<p>El proyecto de Ley General de Cultura ser\u00e1 instrumento legal que dotar\u00e1 al Ministerio de Cultura de un marco y enfoque moderno para sustentar su actuaci\u00f3n en el fomento a los derechos culturales y los objetivos de desarrollo sostenible, explic\u00f3 el ministro Aguilar Navarro.<\/p>\n<p>Por su parte, el presidente de la Comisi\u00f3n de Educaci\u00f3n, Cultura y Deporte de la Asamblea Nacional, H\u00e9ctor Brands, coment\u00f3 su satisfacci\u00f3n por la receptividad y la din\u00e1mica de las consultas con la comunidad colonense, reiterando que la nueva ley legitimar\u00e1 las actuaciones p\u00fablicas a favor de una amplia gama de actividades, procesos y sectores que hasta el momento no hab\u00edan sido concebidos desde la normatividad cultural nacional como parte integrante de las responsabilidades de la institucionalidad cultural.<\/p>\n<p>\u201cPanam\u00e1 no cuenta con una Ley General de Cultura que reconozca la importancia y amplitud de aspectos que abarca el concepto de cultura, as\u00ed como la necesidad de formular pol\u00edticas p\u00fablicas que atiendan los requerimientos culturales de la sociedad, por lo que esta nueva ley reviste de gran importancia para la cultura en el pa\u00eds\u201d, reiter\u00f3 el diputado Brands.<\/p>\n<p>El Proyecto de Ley General de Cultura establece cu\u00e1les son los derechos culturales que reconoce el Estado paname\u00f1o, en consonancia con los m\u00e1s importantes desarrollos te\u00f3ricos y jur\u00eddicos que ha alcanzado la comunidad internacional y la jurisprudencia de la Corte Interamericana de Derechos Humanos. De esta manera, los derechos culturales se constituyen en el marco \u00e9tico y en la orientaci\u00f3n program\u00e1tica de las pol\u00edticas p\u00fablicas de cultura.<\/p>\n<p>Aguilar recalc\u00f3 que MiCultura apoyar\u00e1 y estimular\u00e1 las diversas expresiones culturales presentes en el territorio nacional que comprenden el folclore, las manifestaciones art\u00edsticas, las culturas populares y comunitarias, as\u00ed como las actividades de gesti\u00f3n cultural que las organizan y promocionan, la cultura digital, las industrias creativas en toda la cadena productiva, haciendo especial \u00e9nfasis en los emprendimientos culturales y las empresas de reciente creaci\u00f3n que aporten un componente cultural desde sus planes de negocios.<\/p>\n<p>&nbsp;<\/p>\n","protected":false},"excerpt":{"rendered":"<p>La gira de consultas y participaci\u00f3n ciudadana para analizar y <a href=\"https:\/\/sertv.gob.pa\/crisolfm\/inicia-en-colon-gira-de-consultas-y-participacion-ciudadana-por-ley-general-de-cultura\/\"> [&#8230;]<\/a><\/p>\n","protected":false},"author":64,"featured_media":26332,"comment_status":"closed","ping_status":"closed","sticky":false,"template":"","format":"standard","meta":{"footnotes":""},"categories":[6],"tags":[],"class_list":["post-26331","post","type-post","status-publish","format-standard","has-post-thumbnail","hentry","category-culturales"],"_links":{"self":[{"href":"https:\/\/sertv.gob.pa\/crisolfm\/wp-json\/wp\/v2\/posts\/26331","targetHints":{"allow":["GET"]}}],"collection":[{"href":"https:\/\/sertv.gob.pa\/crisolfm\/wp-json\/wp\/v2\/posts"}],"about":[{"href":"https:\/\/sertv.gob.pa\/crisolfm\/wp-json\/wp\/v2\/types\/post"}],"author":[{"embeddable":true,"href":"https:\/\/sertv.gob.pa\/crisolfm\/wp-json\/wp\/v2\/users\/64"}],"replies":[{"embeddable":true,"href":"https:\/\/sertv.gob.pa\/crisolfm\/wp-json\/wp\/v2\/comments?post=26331"}],"version-history":[{"count":1,"href":"https:\/\/sertv.gob.pa\/crisolfm\/wp-json\/wp\/v2\/posts\/26331\/revisions"}],"predecessor-version":[{"id":26333,"href":"https:\/\/sertv.gob.pa\/crisolfm\/wp-json\/wp\/v2\/posts\/26331\/revisions\/26333"}],"wp:featuredmedia":[{"embeddable":true,"href":"https:\/\/sertv.gob.pa\/crisolfm\/wp-json\/wp\/v2\/media\/26332"}],"wp:attachment":[{"href":"https:\/\/sertv.gob.pa\/crisolfm\/wp-json\/wp\/v2\/media?parent=26331"}],"wp:term":[{"taxonomy":"category","embeddable":true,"href":"https:\/\/sertv.gob.pa\/crisolfm\/wp-json\/wp\/v2\/categories?post=26331"},{"taxonomy":"post_tag","embeddable":true,"href":"https:\/\/sertv.gob.pa\/crisolfm\/wp-json\/wp\/v2\/tags?post=26331"}],"curies":[{"name":"wp","href":"https:\/\/api.w.org\/{rel}","templated":true}]}}