{"id":26335,"date":"2020-02-05T18:09:52","date_gmt":"2020-02-05T18:09:52","guid":{"rendered":"https:\/\/sertv.gob.pa\/crisolfm\/?p=26335"},"modified":"2020-02-05T18:09:52","modified_gmt":"2020-02-05T18:09:52","slug":"miambiente-logro-en-la-cumbre-de-cambio-climatico-la-aprobacion-de-planes-de-asistencia","status":"publish","type":"post","link":"https:\/\/sertv.gob.pa\/crisolfm\/miambiente-logro-en-la-cumbre-de-cambio-climatico-la-aprobacion-de-planes-de-asistencia\/","title":{"rendered":"MiAmbiente logr\u00f3 en la Cumbre de Cambio Clim\u00e1tico la aprobaci\u00f3n de planes de asistencia"},"content":{"rendered":"<p>El <a href=\"https:\/\/www.prensa.com\/tema\/ministerio-de-ambiente\/\" target=\"_blank\" rel=\"noopener\">Ministerio de Ambiente<\/a> (MiAmbiente) ofreci\u00f3 este mi\u00e9rcoles 5 de febrero un resumen de la participaci\u00f3n de la delegaci\u00f3n paname\u00f1a en la Cumbre de Cambio Clim\u00e1tico de 2019, que se llev\u00f3 a cabo en Espa\u00f1a.<\/p>\n<p>En ese sentido, explicaron que la delegaci\u00f3n logr\u00f3 la aprobaci\u00f3n de varios planes de asistencia t\u00e9cnica por cientos de d\u00f3lares. Uno de esos proyectos se logr\u00f3 con Euroclima, por 200 millones de d\u00f3lares, los cuales se invertir\u00e1n en la modernizaci\u00f3n de pol\u00edticas nacionales de cambio clim\u00e1tico. Igualmente, esos fondos se usar\u00e1n en el desarrollo del proyecto de ley marco en Panam\u00e1 sobre cambio clim\u00e1tico.<\/p>\n<p>La Cumbre del Cambio Clim\u00e1tico se efectu\u00f3 en la ciudad de Madrid, Espa\u00f1a, del 2 al 13 de diciembre y cont\u00f3 con la participaci\u00f3n de delegados de 200 pa\u00edses.<\/p>\n<p>&nbsp;<\/p>\n","protected":false},"excerpt":{"rendered":"<p>El Ministerio de Ambiente (MiAmbiente) ofreci\u00f3 este mi\u00e9rcoles 5 de <a href=\"https:\/\/sertv.gob.pa\/crisolfm\/miambiente-logro-en-la-cumbre-de-cambio-climatico-la-aprobacion-de-planes-de-asistencia\/\"> [&#8230;]<\/a><\/p>\n","protected":false},"author":64,"featured_media":26336,"comment_status":"closed","ping_status":"closed","sticky":false,"template":"","format":"standard","meta":{"footnotes":""},"categories":[7],"tags":[],"class_list":["post-26335","post","type-post","status-publish","format-standard","has-post-thumbnail","hentry","category-ecologicas"],"_links":{"self":[{"href":"https:\/\/sertv.gob.pa\/crisolfm\/wp-json\/wp\/v2\/posts\/26335","targetHints":{"allow":["GET"]}}],"collection":[{"href":"https:\/\/sertv.gob.pa\/crisolfm\/wp-json\/wp\/v2\/posts"}],"about":[{"href":"https:\/\/sertv.gob.pa\/crisolfm\/wp-json\/wp\/v2\/types\/post"}],"author":[{"embeddable":true,"href":"https:\/\/sertv.gob.pa\/crisolfm\/wp-json\/wp\/v2\/users\/64"}],"replies":[{"embeddable":true,"href":"https:\/\/sertv.gob.pa\/crisolfm\/wp-json\/wp\/v2\/comments?post=26335"}],"version-history":[{"count":1,"href":"https:\/\/sertv.gob.pa\/crisolfm\/wp-json\/wp\/v2\/posts\/26335\/revisions"}],"predecessor-version":[{"id":26337,"href":"https:\/\/sertv.gob.pa\/crisolfm\/wp-json\/wp\/v2\/posts\/26335\/revisions\/26337"}],"wp:featuredmedia":[{"embeddable":true,"href":"https:\/\/sertv.gob.pa\/crisolfm\/wp-json\/wp\/v2\/media\/26336"}],"wp:attachment":[{"href":"https:\/\/sertv.gob.pa\/crisolfm\/wp-json\/wp\/v2\/media?parent=26335"}],"wp:term":[{"taxonomy":"category","embeddable":true,"href":"https:\/\/sertv.gob.pa\/crisolfm\/wp-json\/wp\/v2\/categories?post=26335"},{"taxonomy":"post_tag","embeddable":true,"href":"https:\/\/sertv.gob.pa\/crisolfm\/wp-json\/wp\/v2\/tags?post=26335"}],"curies":[{"name":"wp","href":"https:\/\/api.w.org\/{rel}","templated":true}]}}