{"id":26338,"date":"2020-02-05T19:11:10","date_gmt":"2020-02-05T19:11:10","guid":{"rendered":"https:\/\/sertv.gob.pa\/crisolfm\/?p=26338"},"modified":"2020-02-05T19:11:10","modified_gmt":"2020-02-05T19:11:10","slug":"expocomer-2020-se-desarrollara-en-el-panama-convention-center-en-el-mes-de-junio","status":"publish","type":"post","link":"https:\/\/sertv.gob.pa\/crisolfm\/expocomer-2020-se-desarrollara-en-el-panama-convention-center-en-el-mes-de-junio\/","title":{"rendered":"EXPOCOMER 2020 se desarrollar\u00e1 en el Panam\u00e1 Convention Center en el mes de Junio"},"content":{"rendered":"<p>La C\u00e1mara de Comercio, Industrias y Agricultura de Panam\u00e1 (CCIAP) y la Autoridad de Turismo de Panam\u00e1 (ATP) anunciaron que EXPOCOMER, la \u201cVitrina del Comercio Mundial\u201d se llevar\u00e1 a cabo del 3 al 6 de junio de 2020 y tendr\u00e1 como escenario el nuevo Panam\u00e1 Convention Center en Amador, infraestructura ubicada estrat\u00e9gicamente en el \u00e1rea tur\u00edstica en las riberas del Canal de Panam\u00e1.<\/p>\n<p>\u201cNos llena de mucho orgullo anunciar, que EXPOCOMER ser\u00e1 el primer evento internacional que se inaugurar\u00e1 en el nuevo Panam\u00e1 Convention Center\u201d. Adem\u00e1s, como gremio responsable, la C\u00e1mara de Comercio, Industrias y Agricultura de Panam\u00e1 por la situaci\u00f3n de salud mundial que se est\u00e1 registrando con el coronavirus, \u201chemos decidido posponer al mes de junio est\u00e1 exhibici\u00f3n comercial, que siempre se ha desarrollado en marzo\u201d, expres\u00f3 Jorge Juan de la Guardia, presidente de la CCIAP.<\/p>\n<p>El presidente del gremio empresarial indic\u00f3 \u201cpor encima de todo est\u00e1 la salud y el bienestar de cualquier ser humano, por lo que damos seguimiento tanto a las medidas y recomendaciones brindadas por la Organizaci\u00f3n Mundial de la Salud, como por nuestras autoridades el Ministerio de Salud\u201d.<\/p>\n<p>\u201cPanam\u00e1 tiene mucho que ofrecer a los expositores, compradores y visitantes que se dan cita cada a\u00f1o tanto en actividades feriales organizadas por nuestro gremio, as\u00ed como en otros cientos de encuentros que se efect\u00faan en el pa\u00eds; ahora tendr\u00e1n la oportunidad de llevarse a cabo en este nuevo centro, porque se podr\u00e1n ofrecer m\u00e1s m\u00f3dulos y mayor espacio para la inversi\u00f3n, adem\u00e1s de desarrollar el turismo de congresos y convenciones, lo cual ayudar\u00e1 a reactivar la econom\u00eda en diversos sectores\u00bb, agreg\u00f3 Jorge Garc\u00eda Icaza, presidente de la Comisi\u00f3n Organizadora de Exposiciones y Eventos de la CCIAP.<\/p>\n<p>Garc\u00eda indic\u00f3 que desde hace 20 a\u00f1os la CCIAP hab\u00eda manifestado que ATLAPA se hab\u00eda quedado sin espacio suficiente para que EXPOCOMER pudiese expandirse. \u201cAhora, con la apertura de este nuevo centro, los eventos pueden ser m\u00e1s grandes y es una pieza fundamental para los hoteles de la ciudad, debido a que atraer\u00e1 gran flujo de visitantes, mejorar\u00e1 la ocupaci\u00f3n hotelera y otros agentes econ\u00f3micos del pa\u00eds\u201d, destac\u00f3.<\/p>\n<p>EXPOCOMER 2020 cuenta a la fecha con 700 m\u00f3dulos ocupados que concentrar\u00e1n a empresarios de \u00c1frica, Argentina, Brasil, Canad\u00e1, China, Colombia, Corea, Costa Rica, Ecuador, El Salvador, Espa\u00f1a, Guatemala, India, Indonesia, Malasia, M\u00e9xico, Nicaragua, Panam\u00e1, Polonia, Portugal, Taiw\u00e1n y Turqu\u00eda.<\/p>\n<p>&nbsp;<\/p>\n<p>&nbsp;<\/p>\n","protected":false},"excerpt":{"rendered":"<p>La C\u00e1mara de Comercio, Industrias y Agricultura de Panam\u00e1 (CCIAP) <a href=\"https:\/\/sertv.gob.pa\/crisolfm\/expocomer-2020-se-desarrollara-en-el-panama-convention-center-en-el-mes-de-junio\/\"> [&#8230;]<\/a><\/p>\n","protected":false},"author":64,"featured_media":26339,"comment_status":"closed","ping_status":"closed","sticky":false,"template":"","format":"standard","meta":{"footnotes":""},"categories":[6],"tags":[],"class_list":["post-26338","post","type-post","status-publish","format-standard","has-post-thumbnail","hentry","category-culturales"],"_links":{"self":[{"href":"https:\/\/sertv.gob.pa\/crisolfm\/wp-json\/wp\/v2\/posts\/26338","targetHints":{"allow":["GET"]}}],"collection":[{"href":"https:\/\/sertv.gob.pa\/crisolfm\/wp-json\/wp\/v2\/posts"}],"about":[{"href":"https:\/\/sertv.gob.pa\/crisolfm\/wp-json\/wp\/v2\/types\/post"}],"author":[{"embeddable":true,"href":"https:\/\/sertv.gob.pa\/crisolfm\/wp-json\/wp\/v2\/users\/64"}],"replies":[{"embeddable":true,"href":"https:\/\/sertv.gob.pa\/crisolfm\/wp-json\/wp\/v2\/comments?post=26338"}],"version-history":[{"count":1,"href":"https:\/\/sertv.gob.pa\/crisolfm\/wp-json\/wp\/v2\/posts\/26338\/revisions"}],"predecessor-version":[{"id":26340,"href":"https:\/\/sertv.gob.pa\/crisolfm\/wp-json\/wp\/v2\/posts\/26338\/revisions\/26340"}],"wp:featuredmedia":[{"embeddable":true,"href":"https:\/\/sertv.gob.pa\/crisolfm\/wp-json\/wp\/v2\/media\/26339"}],"wp:attachment":[{"href":"https:\/\/sertv.gob.pa\/crisolfm\/wp-json\/wp\/v2\/media?parent=26338"}],"wp:term":[{"taxonomy":"category","embeddable":true,"href":"https:\/\/sertv.gob.pa\/crisolfm\/wp-json\/wp\/v2\/categories?post=26338"},{"taxonomy":"post_tag","embeddable":true,"href":"https:\/\/sertv.gob.pa\/crisolfm\/wp-json\/wp\/v2\/tags?post=26338"}],"curies":[{"name":"wp","href":"https:\/\/api.w.org\/{rel}","templated":true}]}}