{"id":26342,"date":"2020-02-06T13:37:41","date_gmt":"2020-02-06T13:37:41","guid":{"rendered":"https:\/\/sertv.gob.pa\/crisolfm\/?p=26342"},"modified":"2020-02-06T13:37:41","modified_gmt":"2020-02-06T13:37:41","slug":"recomiendan-la-regeneracion-de-cuenca-del-rio-la-villa","status":"publish","type":"post","link":"https:\/\/sertv.gob.pa\/crisolfm\/recomiendan-la-regeneracion-de-cuenca-del-rio-la-villa\/","title":{"rendered":"Recomiendan la regeneraci\u00f3n de cuenca del r\u00edo La Villa"},"content":{"rendered":"<p><strong>La organizaci\u00f3n ambiental Mundo Verde (Munver)<\/strong> tras varios estudios concluy\u00f3 que la regeneraci\u00f3n de bosques es un m\u00e9todo efectivo para salvar la cuenca del r\u00edo La Villa, localizada entre las provincias de Herrera y Los Santos.<\/p>\n<p>Pablo Berm\u00fadez, director ejecutivo de Munver, manifest\u00f3 que con la regeneraci\u00f3n de bosques se ha comprobado que se adquieren una cobertura r\u00e1pida con costos muy bajo.<\/p>\n<p>Munver, que tiene como entidad benefactora a Manna World Holding Trust, tiene muchos a\u00f1os de estar laborando el tema ambiental en la regi\u00f3n de Azuero.<\/p>\n<p>Herrera y Los Santos son las regiones m\u00e1s degradadas de la Rep\u00fablica de Panam\u00e1. Esas provincias pertenecen al llamado arco seco, por esas razones las temporadas lluviosas son escasas y las secas son muy extensas.<\/p>\n<p>Por ello y otras causas, la reforestaci\u00f3n en los sitios muy secos requiere de mantenimiento y seguimiento para que la planta no muera. En estos casos la regeneraci\u00f3n de bosques es un m\u00e9todo efectivo y comprobado porque los bosques adquieren una cobertura r\u00e1pida.<\/p>\n<p>Berm\u00fadez indic\u00f3 que hay que incentivar a los productores de esas provincias y habl\u00f3 que para comenzar hay un proyecto de regeneraci\u00f3n de 50 mil hect\u00e1reas, 30 mil para el \u00e1rea de Los Santos y 20 mil para Herrera.<\/p>\n<p>El ambientalista a\u00f1adi\u00f3 que con esta clase de proyecto se beneficien los moradores de la regi\u00f3n y se paguen dividendos a los due\u00f1os de las tierras que entren al proyecto.<\/p>\n<p>&nbsp;<\/p>\n<p>&nbsp;<\/p>\n","protected":false},"excerpt":{"rendered":"<p>La organizaci\u00f3n ambiental Mundo Verde (Munver) tras varios estudios concluy\u00f3 <a href=\"https:\/\/sertv.gob.pa\/crisolfm\/recomiendan-la-regeneracion-de-cuenca-del-rio-la-villa\/\"> [&#8230;]<\/a><\/p>\n","protected":false},"author":64,"featured_media":26344,"comment_status":"closed","ping_status":"closed","sticky":false,"template":"","format":"standard","meta":{"footnotes":""},"categories":[7],"tags":[],"class_list":["post-26342","post","type-post","status-publish","format-standard","has-post-thumbnail","hentry","category-ecologicas"],"_links":{"self":[{"href":"https:\/\/sertv.gob.pa\/crisolfm\/wp-json\/wp\/v2\/posts\/26342","targetHints":{"allow":["GET"]}}],"collection":[{"href":"https:\/\/sertv.gob.pa\/crisolfm\/wp-json\/wp\/v2\/posts"}],"about":[{"href":"https:\/\/sertv.gob.pa\/crisolfm\/wp-json\/wp\/v2\/types\/post"}],"author":[{"embeddable":true,"href":"https:\/\/sertv.gob.pa\/crisolfm\/wp-json\/wp\/v2\/users\/64"}],"replies":[{"embeddable":true,"href":"https:\/\/sertv.gob.pa\/crisolfm\/wp-json\/wp\/v2\/comments?post=26342"}],"version-history":[{"count":1,"href":"https:\/\/sertv.gob.pa\/crisolfm\/wp-json\/wp\/v2\/posts\/26342\/revisions"}],"predecessor-version":[{"id":26345,"href":"https:\/\/sertv.gob.pa\/crisolfm\/wp-json\/wp\/v2\/posts\/26342\/revisions\/26345"}],"wp:featuredmedia":[{"embeddable":true,"href":"https:\/\/sertv.gob.pa\/crisolfm\/wp-json\/wp\/v2\/media\/26344"}],"wp:attachment":[{"href":"https:\/\/sertv.gob.pa\/crisolfm\/wp-json\/wp\/v2\/media?parent=26342"}],"wp:term":[{"taxonomy":"category","embeddable":true,"href":"https:\/\/sertv.gob.pa\/crisolfm\/wp-json\/wp\/v2\/categories?post=26342"},{"taxonomy":"post_tag","embeddable":true,"href":"https:\/\/sertv.gob.pa\/crisolfm\/wp-json\/wp\/v2\/tags?post=26342"}],"curies":[{"name":"wp","href":"https:\/\/api.w.org\/{rel}","templated":true}]}}