{"id":26353,"date":"2020-02-06T14:05:12","date_gmt":"2020-02-06T14:05:12","guid":{"rendered":"https:\/\/sertv.gob.pa\/crisolfm\/?p=26353"},"modified":"2020-02-06T14:05:12","modified_gmt":"2020-02-06T14:05:12","slug":"kirk-douglas-fallece-a-los-103-anos-el-mitico-actor-de-hollywood-protagonista-de-espartaco","status":"publish","type":"post","link":"https:\/\/sertv.gob.pa\/crisolfm\/kirk-douglas-fallece-a-los-103-anos-el-mitico-actor-de-hollywood-protagonista-de-espartaco\/","title":{"rendered":"Kirk Douglas fallece a los 103 a\u00f1os, el m\u00edtico actor de Hollywood protagonista de \u00abEspartaco\u00bb"},"content":{"rendered":"<p>El m\u00edtico actor de Hollywood Kirk Douglas muri\u00f3 este mi\u00e9rcoles a los 103 a\u00f1os de edad, seg\u00fan anunci\u00f3 su familia. El protagonista de la c\u00e9lebre pel\u00edcula \u00abEspartaco\u00bb (1960) era uno de los \u00faltimos sobrevivientes de la edad de oro de Hollywood. Su hijo, el tambi\u00e9n actor <strong>Michael Douglas<\/strong>, confirm\u00f3 la muerte.<\/p>\n<p>\u00abCon una profunda tristeza mis hermanos y yo anunciamos que Kirk Douglas nos dej\u00f3 hoy a los 103 a\u00f1os\u00bb, dijo Michael Douglas en un comunicado publicado en Facebook.<\/p>\n<p><strong>\u00abPara el mundo era una leyenda,<\/strong> un actor de la edad dorada de pel\u00edculas que vivieron m\u00e1s all\u00e1 de esos a\u00f1os, un hombre implicado en cuestiones humanitarias cuyo compromiso por la justicia y las causas en las que cre\u00eda fueron un modelo a seguir para nosotros\u00bb, agreg\u00f3.<\/p>\n<p>La vida de Kirk fue plena y deja un legado en el cine que durar\u00e1 generaciones, y una historia de fil\u00e1ntropo que trabaj\u00f3 para ayudar al p\u00fablico y llevar paz al mundo\u00bb, a\u00f1adi\u00f3.<\/p>\n","protected":false},"excerpt":{"rendered":"<p>El m\u00edtico actor de Hollywood Kirk Douglas muri\u00f3 este mi\u00e9rcoles <a href=\"https:\/\/sertv.gob.pa\/crisolfm\/kirk-douglas-fallece-a-los-103-anos-el-mitico-actor-de-hollywood-protagonista-de-espartaco\/\"> [&#8230;]<\/a><\/p>\n","protected":false},"author":64,"featured_media":26354,"comment_status":"closed","ping_status":"closed","sticky":false,"template":"","format":"standard","meta":{"footnotes":""},"categories":[6],"tags":[],"class_list":["post-26353","post","type-post","status-publish","format-standard","has-post-thumbnail","hentry","category-culturales"],"_links":{"self":[{"href":"https:\/\/sertv.gob.pa\/crisolfm\/wp-json\/wp\/v2\/posts\/26353","targetHints":{"allow":["GET"]}}],"collection":[{"href":"https:\/\/sertv.gob.pa\/crisolfm\/wp-json\/wp\/v2\/posts"}],"about":[{"href":"https:\/\/sertv.gob.pa\/crisolfm\/wp-json\/wp\/v2\/types\/post"}],"author":[{"embeddable":true,"href":"https:\/\/sertv.gob.pa\/crisolfm\/wp-json\/wp\/v2\/users\/64"}],"replies":[{"embeddable":true,"href":"https:\/\/sertv.gob.pa\/crisolfm\/wp-json\/wp\/v2\/comments?post=26353"}],"version-history":[{"count":1,"href":"https:\/\/sertv.gob.pa\/crisolfm\/wp-json\/wp\/v2\/posts\/26353\/revisions"}],"predecessor-version":[{"id":26355,"href":"https:\/\/sertv.gob.pa\/crisolfm\/wp-json\/wp\/v2\/posts\/26353\/revisions\/26355"}],"wp:featuredmedia":[{"embeddable":true,"href":"https:\/\/sertv.gob.pa\/crisolfm\/wp-json\/wp\/v2\/media\/26354"}],"wp:attachment":[{"href":"https:\/\/sertv.gob.pa\/crisolfm\/wp-json\/wp\/v2\/media?parent=26353"}],"wp:term":[{"taxonomy":"category","embeddable":true,"href":"https:\/\/sertv.gob.pa\/crisolfm\/wp-json\/wp\/v2\/categories?post=26353"},{"taxonomy":"post_tag","embeddable":true,"href":"https:\/\/sertv.gob.pa\/crisolfm\/wp-json\/wp\/v2\/tags?post=26353"}],"curies":[{"name":"wp","href":"https:\/\/api.w.org\/{rel}","templated":true}]}}