{"id":26366,"date":"2020-02-06T15:09:50","date_gmt":"2020-02-06T15:09:50","guid":{"rendered":"https:\/\/sertv.gob.pa\/crisolfm\/?p=26366"},"modified":"2020-02-06T15:09:50","modified_gmt":"2020-02-06T15:09:50","slug":"sech-nominado-en-siete-categorias-en-los-premios-billboard-de-la-musica-latina","status":"publish","type":"post","link":"https:\/\/sertv.gob.pa\/crisolfm\/sech-nominado-en-siete-categorias-en-los-premios-billboard-de-la-musica-latina\/","title":{"rendered":"Sech, nominado en siete categor\u00edas en los premios Billboard de la M\u00fasica Latina"},"content":{"rendered":"<p>El cantante paname\u00f1o Sech fue nominado en 7 categor\u00edas de los<strong> Premios Billboard de la M\u00fasica Latina 2020.<\/strong><\/p>\n<p>Los artistas Bad Bunny y Ozuna lideran la lista de nominados con 14 menciones cada uno, anunciaron este mi\u00e9rcoles, 5 de febrero, los organizadores.<\/p>\n<p>Estas son las categor\u00edas a la que est\u00e1 nominado Sech:<strong> Artista del A\u00f1o (Debut), Canci\u00f3n del A\u00f1o Streaming, Colaboraci\u00f3n Vocal del A\u00f1o, Canci\u00f3n del A\u00f1o, Top Latin Album del A\u00f1o, Canci\u00f3n Latin Rhythm del A\u00f1o y \u00c1lbum Latin Rhythm del A\u00f1o.<\/strong><\/p>\n<p>Sech, recientemente lanz\u00f3 el tema <strong>Definitivamente<\/strong> junto a Daddy Yankee. El video tiene m\u00e1s de 17 millones de visitas en la plataforma de YouTube.<\/p>\n<p>Este galard\u00f3n de la m\u00fasica latina tiene 59 distintas categor\u00edas que premian a los principales g\u00e9neros musicales de Latin Pop, Tropical, Latin Rhythm y Regional Mexicano.<\/p>\n<p>La gala se llevar\u00e1 a cabo el 23 de abril en Las Vegas, Estados Unidos.<\/p>\n<p>&nbsp;<\/p>\n","protected":false},"excerpt":{"rendered":"<p>El cantante paname\u00f1o Sech fue nominado en 7 categor\u00edas de <a href=\"https:\/\/sertv.gob.pa\/crisolfm\/sech-nominado-en-siete-categorias-en-los-premios-billboard-de-la-musica-latina\/\"> [&#8230;]<\/a><\/p>\n","protected":false},"author":64,"featured_media":26367,"comment_status":"closed","ping_status":"closed","sticky":false,"template":"","format":"standard","meta":{"footnotes":""},"categories":[6],"tags":[],"class_list":["post-26366","post","type-post","status-publish","format-standard","has-post-thumbnail","hentry","category-culturales"],"_links":{"self":[{"href":"https:\/\/sertv.gob.pa\/crisolfm\/wp-json\/wp\/v2\/posts\/26366","targetHints":{"allow":["GET"]}}],"collection":[{"href":"https:\/\/sertv.gob.pa\/crisolfm\/wp-json\/wp\/v2\/posts"}],"about":[{"href":"https:\/\/sertv.gob.pa\/crisolfm\/wp-json\/wp\/v2\/types\/post"}],"author":[{"embeddable":true,"href":"https:\/\/sertv.gob.pa\/crisolfm\/wp-json\/wp\/v2\/users\/64"}],"replies":[{"embeddable":true,"href":"https:\/\/sertv.gob.pa\/crisolfm\/wp-json\/wp\/v2\/comments?post=26366"}],"version-history":[{"count":1,"href":"https:\/\/sertv.gob.pa\/crisolfm\/wp-json\/wp\/v2\/posts\/26366\/revisions"}],"predecessor-version":[{"id":26368,"href":"https:\/\/sertv.gob.pa\/crisolfm\/wp-json\/wp\/v2\/posts\/26366\/revisions\/26368"}],"wp:featuredmedia":[{"embeddable":true,"href":"https:\/\/sertv.gob.pa\/crisolfm\/wp-json\/wp\/v2\/media\/26367"}],"wp:attachment":[{"href":"https:\/\/sertv.gob.pa\/crisolfm\/wp-json\/wp\/v2\/media?parent=26366"}],"wp:term":[{"taxonomy":"category","embeddable":true,"href":"https:\/\/sertv.gob.pa\/crisolfm\/wp-json\/wp\/v2\/categories?post=26366"},{"taxonomy":"post_tag","embeddable":true,"href":"https:\/\/sertv.gob.pa\/crisolfm\/wp-json\/wp\/v2\/tags?post=26366"}],"curies":[{"name":"wp","href":"https:\/\/api.w.org\/{rel}","templated":true}]}}