{"id":26369,"date":"2020-02-06T15:15:09","date_gmt":"2020-02-06T15:15:09","guid":{"rendered":"https:\/\/sertv.gob.pa\/crisolfm\/?p=26369"},"modified":"2020-02-06T15:15:09","modified_gmt":"2020-02-06T15:15:09","slug":"muchachas-guias-se-unen-al-programa-de-bibliobus","status":"publish","type":"post","link":"https:\/\/sertv.gob.pa\/crisolfm\/muchachas-guias-se-unen-al-programa-de-bibliobus\/","title":{"rendered":"Muchachas Gu\u00edas se unen al programa de bibliobus"},"content":{"rendered":"<p>Con el prop\u00f3sito de incentivar el h\u00e1bito de la lectura, el Campamento Nacional de Muchachas Gu\u00edas integr\u00f3 en sus actividades, el programa del bibliob\u00fas.<\/p>\n<p>La biblioteca m\u00f3vil, administrada por la Fundaci\u00f3n Pro Biblioteca Nacional, lleg\u00f3 hasta la comunidad de El Barrero, en Cocl\u00e9, para compartir toda la riqueza de su contenido con las cientos de campistas de todo el pa\u00eds.<\/p>\n<p>Anayansi Barrantes, coordinadora de las actividades infantiles y juveniles, desarroll\u00f3 su acostumbrado programa, en el que permiti\u00f3 que las ni\u00f1as seleccionaran diferentes obras literarias, que luego analizaron e hicieron dibujos sobre lo comprendido.<\/p>\n<p>Barrantes ense\u00f1a a los nuevos lectores el amplio abanico de opciones literarias que existen y les educa sobre c\u00f3mo seleccionar una obra que sean capaces completar.<\/p>\n<p>A la par de estas clases, igualmente se llev\u00f3 a cabo un taller de periodismo. Jovencitas entre 10 a 15 a\u00f1os de edad pusieron en pr\u00e1ctica sencillas t\u00e9cnicas de investigaci\u00f3n, consultando distintos libros del bibliob\u00fas.<\/p>\n<p>&nbsp;<\/p>\n","protected":false},"excerpt":{"rendered":"<p>Con el prop\u00f3sito de incentivar el h\u00e1bito de la lectura, <a href=\"https:\/\/sertv.gob.pa\/crisolfm\/muchachas-guias-se-unen-al-programa-de-bibliobus\/\"> [&#8230;]<\/a><\/p>\n","protected":false},"author":64,"featured_media":26370,"comment_status":"closed","ping_status":"closed","sticky":false,"template":"","format":"standard","meta":{"footnotes":""},"categories":[6],"tags":[],"class_list":["post-26369","post","type-post","status-publish","format-standard","has-post-thumbnail","hentry","category-culturales"],"_links":{"self":[{"href":"https:\/\/sertv.gob.pa\/crisolfm\/wp-json\/wp\/v2\/posts\/26369","targetHints":{"allow":["GET"]}}],"collection":[{"href":"https:\/\/sertv.gob.pa\/crisolfm\/wp-json\/wp\/v2\/posts"}],"about":[{"href":"https:\/\/sertv.gob.pa\/crisolfm\/wp-json\/wp\/v2\/types\/post"}],"author":[{"embeddable":true,"href":"https:\/\/sertv.gob.pa\/crisolfm\/wp-json\/wp\/v2\/users\/64"}],"replies":[{"embeddable":true,"href":"https:\/\/sertv.gob.pa\/crisolfm\/wp-json\/wp\/v2\/comments?post=26369"}],"version-history":[{"count":1,"href":"https:\/\/sertv.gob.pa\/crisolfm\/wp-json\/wp\/v2\/posts\/26369\/revisions"}],"predecessor-version":[{"id":26371,"href":"https:\/\/sertv.gob.pa\/crisolfm\/wp-json\/wp\/v2\/posts\/26369\/revisions\/26371"}],"wp:featuredmedia":[{"embeddable":true,"href":"https:\/\/sertv.gob.pa\/crisolfm\/wp-json\/wp\/v2\/media\/26370"}],"wp:attachment":[{"href":"https:\/\/sertv.gob.pa\/crisolfm\/wp-json\/wp\/v2\/media?parent=26369"}],"wp:term":[{"taxonomy":"category","embeddable":true,"href":"https:\/\/sertv.gob.pa\/crisolfm\/wp-json\/wp\/v2\/categories?post=26369"},{"taxonomy":"post_tag","embeddable":true,"href":"https:\/\/sertv.gob.pa\/crisolfm\/wp-json\/wp\/v2\/tags?post=26369"}],"curies":[{"name":"wp","href":"https:\/\/api.w.org\/{rel}","templated":true}]}}