{"id":26372,"date":"2020-02-06T15:29:44","date_gmt":"2020-02-06T15:29:44","guid":{"rendered":"https:\/\/sertv.gob.pa\/crisolfm\/?p=26372"},"modified":"2020-02-06T15:29:44","modified_gmt":"2020-02-06T15:29:44","slug":"inicia-musicalion-2020-pese-al-bajo-presupuesto","status":"publish","type":"post","link":"https:\/\/sertv.gob.pa\/crisolfm\/inicia-musicalion-2020-pese-al-bajo-presupuesto\/","title":{"rendered":"Inicia Musicalion 2020, pese al bajo presupuesto"},"content":{"rendered":"<p>El presidente de la Fundaci\u00f3n Aria, Ricardo Vel\u00e1squez, anunci\u00f3 ayer, durante una rueda de prensa, el inicio de la octava edici\u00f3n del Musicalion 2020 que se realizar\u00e1 del 13 al 16 de febrero, en el parque Omar.<\/p>\n<p>Quiz\u00e1s esta sea la \u00faltima versi\u00f3n gratuita de Musicalion porque no es rentable y es una lucha que llevamos a\u00f1o tras a\u00f1o. Este 2020 ha sido de muchos desaf\u00edos, y con poco presupuesto hemos organizado un gran espect\u00e1culo para todos los que asistan. Cr\u00e9anme que aunque el presupuesto es poco, no se va a notar porque le hemos inyectado todo el amor del mundo\u201d, puntualiz\u00f3.<\/p>\n<p>El bar\u00edtono paname\u00f1o coment\u00f3 que su sue\u00f1o es aportar a todas las artes esc\u00e9nicas y brindar una plataforma digna, donde se exponga el mayor talento posible. \u201cMe gustar\u00eda que esta actividad se replique en distintos sitios de Panam\u00e1\u201d.<\/p>\n<p>En esta versi\u00f3n, m\u00e1s de 100 artistas estar\u00e1n sobre la tarima y prometen un derroche de talento.<\/p>\n<p>&nbsp;<\/p>\n","protected":false},"excerpt":{"rendered":"<p>El presidente de la Fundaci\u00f3n Aria, Ricardo Vel\u00e1squez, anunci\u00f3 ayer, <a href=\"https:\/\/sertv.gob.pa\/crisolfm\/inicia-musicalion-2020-pese-al-bajo-presupuesto\/\"> [&#8230;]<\/a><\/p>\n","protected":false},"author":64,"featured_media":26373,"comment_status":"closed","ping_status":"closed","sticky":false,"template":"","format":"standard","meta":{"footnotes":""},"categories":[6],"tags":[],"class_list":["post-26372","post","type-post","status-publish","format-standard","has-post-thumbnail","hentry","category-culturales"],"_links":{"self":[{"href":"https:\/\/sertv.gob.pa\/crisolfm\/wp-json\/wp\/v2\/posts\/26372","targetHints":{"allow":["GET"]}}],"collection":[{"href":"https:\/\/sertv.gob.pa\/crisolfm\/wp-json\/wp\/v2\/posts"}],"about":[{"href":"https:\/\/sertv.gob.pa\/crisolfm\/wp-json\/wp\/v2\/types\/post"}],"author":[{"embeddable":true,"href":"https:\/\/sertv.gob.pa\/crisolfm\/wp-json\/wp\/v2\/users\/64"}],"replies":[{"embeddable":true,"href":"https:\/\/sertv.gob.pa\/crisolfm\/wp-json\/wp\/v2\/comments?post=26372"}],"version-history":[{"count":1,"href":"https:\/\/sertv.gob.pa\/crisolfm\/wp-json\/wp\/v2\/posts\/26372\/revisions"}],"predecessor-version":[{"id":26374,"href":"https:\/\/sertv.gob.pa\/crisolfm\/wp-json\/wp\/v2\/posts\/26372\/revisions\/26374"}],"wp:featuredmedia":[{"embeddable":true,"href":"https:\/\/sertv.gob.pa\/crisolfm\/wp-json\/wp\/v2\/media\/26373"}],"wp:attachment":[{"href":"https:\/\/sertv.gob.pa\/crisolfm\/wp-json\/wp\/v2\/media?parent=26372"}],"wp:term":[{"taxonomy":"category","embeddable":true,"href":"https:\/\/sertv.gob.pa\/crisolfm\/wp-json\/wp\/v2\/categories?post=26372"},{"taxonomy":"post_tag","embeddable":true,"href":"https:\/\/sertv.gob.pa\/crisolfm\/wp-json\/wp\/v2\/tags?post=26372"}],"curies":[{"name":"wp","href":"https:\/\/api.w.org\/{rel}","templated":true}]}}