{"id":26381,"date":"2020-02-06T15:45:18","date_gmt":"2020-02-06T15:45:18","guid":{"rendered":"https:\/\/sertv.gob.pa\/crisolfm\/?p=26381"},"modified":"2020-02-06T15:45:18","modified_gmt":"2020-02-06T15:45:18","slug":"enero-de-2020-fue-el-mas-calido-en-el-mundo-desde-que-hay-registros","status":"publish","type":"post","link":"https:\/\/sertv.gob.pa\/crisolfm\/enero-de-2020-fue-el-mas-calido-en-el-mundo-desde-que-hay-registros\/","title":{"rendered":"Enero de 2020 fue el m\u00e1s c\u00e1lido en el mundo desde que hay registros"},"content":{"rendered":"<p>El mes pasado, la temperatura global fue m\u00e1s c\u00e1lida que cualquier enero anterior desde que hay registros, aunque casi a la par de enero de 2016, siendo tres cent\u00e9simas de <strong>grado Celsius m\u00e1s c\u00e1lido<\/strong>. Para Europa, fue claramente el enero m\u00e1s c\u00e1lido registrado, aproximadamente 0,2 grados m\u00e1s c\u00e1lido que el enero m\u00e1s c\u00e1lido anterior en 2007, y 3,1 grados m\u00e1s c\u00e1lido que el promedio de enero en el per\u00edodo 1981-2010, seg\u00fan informa el Copernicus Climate Change Service (C3S) en un comunicado.<\/p>\n<p><strong>Las temperaturas en enero de 2020<\/strong> fueron superiores al promedio de 1981-2010 en la mayor parte de Europa. Fueron excepcionalmente altas para la \u00e9poca del a\u00f1o en el norte y el este, en una banda que se extend\u00eda hacia el este y el sudeste desde Noruega hasta Rusia.<\/p>\n<p>Las temperaturas excepcionales superiores a la media no se limitaron a Europa, sino que se extendieron a casi toda Rusia. Las temperaturas tambi\u00e9n fueron muy superiores a la media en la mayor\u00eda de los EE. UU. y el este de Canad\u00e1, en Jap\u00f3n y partes del este de China y el sudeste asi\u00e1tico, en el estado de Nueva Gales del Sur en Australia y en partes de la Ant\u00e1rtida.<\/p>\n<p>Las temperaturas fueron sustancialmente inferiores al promedio en Alaska y el noroeste de Canad\u00e1, y en las islas Baffin y Ellesmere en el noreste de Canad\u00e1. Tambi\u00e9n fue m\u00e1s fr\u00edo que el promedio, pero en <strong>menor grado<\/strong>, en varias otras regiones.<\/p>\n<p>Aunque las regiones de temperatura por debajo del promedio ocurrieron en todos los oc\u00e9anos principales, particularmente en el hemisferio sur, las temperaturas del aire sobre el mar fueron predominantemente m\u00e1s altas que el promedio de 1981-2010.<\/p>\n<p>Las medias globales de la temperatura del aire marino y la temperatura de la superficie del mar subyacente estuvieron cerca de los valores m\u00e1ximos respectivos que ocurrieron en el momento de El Ni\u00f1o 2015\/16.<\/p>\n<p>ECOticias<\/p>\n","protected":false},"excerpt":{"rendered":"<p>El mes pasado, la temperatura global fue m\u00e1s c\u00e1lida que <a href=\"https:\/\/sertv.gob.pa\/crisolfm\/enero-de-2020-fue-el-mas-calido-en-el-mundo-desde-que-hay-registros\/\"> [&#8230;]<\/a><\/p>\n","protected":false},"author":64,"featured_media":26382,"comment_status":"closed","ping_status":"closed","sticky":false,"template":"","format":"standard","meta":{"footnotes":""},"categories":[7],"tags":[],"class_list":["post-26381","post","type-post","status-publish","format-standard","has-post-thumbnail","hentry","category-ecologicas"],"_links":{"self":[{"href":"https:\/\/sertv.gob.pa\/crisolfm\/wp-json\/wp\/v2\/posts\/26381","targetHints":{"allow":["GET"]}}],"collection":[{"href":"https:\/\/sertv.gob.pa\/crisolfm\/wp-json\/wp\/v2\/posts"}],"about":[{"href":"https:\/\/sertv.gob.pa\/crisolfm\/wp-json\/wp\/v2\/types\/post"}],"author":[{"embeddable":true,"href":"https:\/\/sertv.gob.pa\/crisolfm\/wp-json\/wp\/v2\/users\/64"}],"replies":[{"embeddable":true,"href":"https:\/\/sertv.gob.pa\/crisolfm\/wp-json\/wp\/v2\/comments?post=26381"}],"version-history":[{"count":1,"href":"https:\/\/sertv.gob.pa\/crisolfm\/wp-json\/wp\/v2\/posts\/26381\/revisions"}],"predecessor-version":[{"id":26383,"href":"https:\/\/sertv.gob.pa\/crisolfm\/wp-json\/wp\/v2\/posts\/26381\/revisions\/26383"}],"wp:featuredmedia":[{"embeddable":true,"href":"https:\/\/sertv.gob.pa\/crisolfm\/wp-json\/wp\/v2\/media\/26382"}],"wp:attachment":[{"href":"https:\/\/sertv.gob.pa\/crisolfm\/wp-json\/wp\/v2\/media?parent=26381"}],"wp:term":[{"taxonomy":"category","embeddable":true,"href":"https:\/\/sertv.gob.pa\/crisolfm\/wp-json\/wp\/v2\/categories?post=26381"},{"taxonomy":"post_tag","embeddable":true,"href":"https:\/\/sertv.gob.pa\/crisolfm\/wp-json\/wp\/v2\/tags?post=26381"}],"curies":[{"name":"wp","href":"https:\/\/api.w.org\/{rel}","templated":true}]}}