{"id":26388,"date":"2020-02-07T13:13:00","date_gmt":"2020-02-07T13:13:00","guid":{"rendered":"https:\/\/sertv.gob.pa\/crisolfm\/?p=26388"},"modified":"2020-02-07T13:13:00","modified_gmt":"2020-02-07T13:13:00","slug":"reabren-museo-manuel-f-zarate-en-guarare","status":"publish","type":"post","link":"https:\/\/sertv.gob.pa\/crisolfm\/reabren-museo-manuel-f-zarate-en-guarare\/","title":{"rendered":"Reabren Museo Manuel F. Z\u00e1rate en Guarar\u00e9"},"content":{"rendered":"<p>El Ministerio de Cultura reabri\u00f3 el Museo Manuel F. Z\u00e1rate de Guarar\u00e9, como parte de los avances, que en materia de recuperaci\u00f3n de la red nacional de museos de Panam\u00e1, realiza el Buen Gobierno del presidente Laurentino Cortizo Cohen.<\/p>\n<p>Anayansi Chichaco, Coordinadora Nacional de los Museos de MiCultura, indic\u00f3 que los trabajos de restauraci\u00f3n incluyeron el mantenimiento a\u00a0toda la estructura de quincha del sitio y tambi\u00e9n la dotaci\u00f3n de un contenido museogr\u00e1fico m\u00e1s moderno que combin\u00f3 piezas ya existentes con novedosas instalaciones, por tratarse de un monumento nacional de gran importancia para todo el pa\u00eds.<\/p>\n<p>Los aportes de la comunidad de Guarar\u00e9 fueron un factor determinante en estos trabajos, pues se escogieron elementos del Festival de la Mejorana, as\u00ed como la galer\u00eda de las\u00a0reinas de los festivales, obras famosas de los esposos Z\u00e1rate e indumentarias folkl\u00f3ricas de la regi\u00f3n.<\/p>\n<p>El viceministro de Cultura, Gabriel Gonz\u00e1lez, recalc\u00f3 el compromiso que tiene esta administraci\u00f3n de seguir remodelando y restaurando todos los museos en donde MiCultura tiene presencia, utilizando tecnolog\u00edas y herramientas did\u00e1cticas para atraer m\u00e1s visitantes nacionales y extranjeros.<\/p>\n<p>&nbsp;<\/p>\n","protected":false},"excerpt":{"rendered":"<p>El Ministerio de Cultura reabri\u00f3 el Museo Manuel F. Z\u00e1rate <a href=\"https:\/\/sertv.gob.pa\/crisolfm\/reabren-museo-manuel-f-zarate-en-guarare\/\"> [&#8230;]<\/a><\/p>\n","protected":false},"author":64,"featured_media":26389,"comment_status":"closed","ping_status":"closed","sticky":false,"template":"","format":"standard","meta":{"footnotes":""},"categories":[6],"tags":[],"class_list":["post-26388","post","type-post","status-publish","format-standard","has-post-thumbnail","hentry","category-culturales"],"_links":{"self":[{"href":"https:\/\/sertv.gob.pa\/crisolfm\/wp-json\/wp\/v2\/posts\/26388","targetHints":{"allow":["GET"]}}],"collection":[{"href":"https:\/\/sertv.gob.pa\/crisolfm\/wp-json\/wp\/v2\/posts"}],"about":[{"href":"https:\/\/sertv.gob.pa\/crisolfm\/wp-json\/wp\/v2\/types\/post"}],"author":[{"embeddable":true,"href":"https:\/\/sertv.gob.pa\/crisolfm\/wp-json\/wp\/v2\/users\/64"}],"replies":[{"embeddable":true,"href":"https:\/\/sertv.gob.pa\/crisolfm\/wp-json\/wp\/v2\/comments?post=26388"}],"version-history":[{"count":1,"href":"https:\/\/sertv.gob.pa\/crisolfm\/wp-json\/wp\/v2\/posts\/26388\/revisions"}],"predecessor-version":[{"id":26390,"href":"https:\/\/sertv.gob.pa\/crisolfm\/wp-json\/wp\/v2\/posts\/26388\/revisions\/26390"}],"wp:featuredmedia":[{"embeddable":true,"href":"https:\/\/sertv.gob.pa\/crisolfm\/wp-json\/wp\/v2\/media\/26389"}],"wp:attachment":[{"href":"https:\/\/sertv.gob.pa\/crisolfm\/wp-json\/wp\/v2\/media?parent=26388"}],"wp:term":[{"taxonomy":"category","embeddable":true,"href":"https:\/\/sertv.gob.pa\/crisolfm\/wp-json\/wp\/v2\/categories?post=26388"},{"taxonomy":"post_tag","embeddable":true,"href":"https:\/\/sertv.gob.pa\/crisolfm\/wp-json\/wp\/v2\/tags?post=26388"}],"curies":[{"name":"wp","href":"https:\/\/api.w.org\/{rel}","templated":true}]}}