{"id":26406,"date":"2020-02-07T14:14:12","date_gmt":"2020-02-07T14:14:12","guid":{"rendered":"https:\/\/sertv.gob.pa\/crisolfm\/?p=26406"},"modified":"2020-02-07T14:14:12","modified_gmt":"2020-02-07T14:14:12","slug":"indigenas-denuncian-que-la-selva-darienita-esta-siendo-socavada","status":"publish","type":"post","link":"https:\/\/sertv.gob.pa\/crisolfm\/indigenas-denuncian-que-la-selva-darienita-esta-siendo-socavada\/","title":{"rendered":"Ind\u00edgenas denuncian que la selva darienita est\u00e1 siendo \u2018socavada\u2019"},"content":{"rendered":"<p>Un conflicto entre autoridades Ember\u00e1 Wounaan y agrupaciones ind\u00edgenas ha surgido por la tala de \u00e1rboles en la selva darienita, avalada mediante permisos del Ministerio de Ambiente de la pasada administraci\u00f3n y que todav\u00eda se mantienen vigentes. Esta etnia ind\u00edgena vive pr\u00f3xima al Parque Nacional Dari\u00e9n en su comarca con el mismo nombre cuyos bosques son la barrera protectora del parque.<\/p>\n<p>Por un lado, la Coordinadora Nacional de los Pueblos Ind\u00edgenas de Panam\u00e1 denunci\u00f3 que los bosques, \u201cnuestra selva\u201d en la provincia Dari\u00e9n \u201cest\u00e1 siendo violentada, socavada y pisoteada\u201d por el cacique Idelfonso Aj\u00ed y el presidente del Congreso General Edilberto Dorigama, quienes avalan, por parte de los ind\u00edgenas los permisos comunitarios para talar \u00e1rboles, en conjunto con el Ministerio de Ambiente.<\/p>\n<p>En un comunicado firmado por Clelia Mez\u00faa, fundadora de la coordinadora advierte que estos l\u00edderes ganaron en unas elecciones fraudulentas y que Dorigama promovi\u00f3 estos aprovechamientos sostenibles como t\u00e9cnico de la organizaci\u00f3n internacional Fondo Mundial para la Naturaleza (WWF, por sus siglas en ingl\u00e9s) y que posteriormente firm\u00f3 contratos de venta de madera, como autoridad ind\u00edgena.<\/p>\n<p>Mez\u00faa se\u00f1al\u00f3 que la comunidad desconoce cu\u00e1nto han recibido las autoridades por la venta de madera de permisos comunitarios, que estiman que ser\u00edan m\u00e1s de 75 mil d\u00f3lares y no se ha efectuado un detalle de los gastos o inversiones para la comunidad, tampoco han visto una mejora en la calidad de vida de las comunidades y no tienen la certeza de la protecci\u00f3n ambiental.<\/p>\n<p>Por su parte, Dorigama indic\u00f3 que apoyan al Ministerio de Ambiente por otorgarles permisos de aprovechamiento de madera mediante los planes de manejo forestales sostenibles. Que son un apoyo a las comunidades necesitadas y que estos permisos son instrumentos \u201ccient\u00edficamente\u201d probados en favor de la conservaci\u00f3n de los bosques naturales.<\/p>\n<p>En otro comunicado, Dorigama cuestion\u00f3 a Mez\u00faa cuando fue presidenta del congreso por, supuestamente, tampoco rendir detalle de los informes por el aprovechamiento de la madera entre 1998 y 2000.<\/p>\n<p>&nbsp;<\/p>\n","protected":false},"excerpt":{"rendered":"<p>Un conflicto entre autoridades Ember\u00e1 Wounaan y agrupaciones ind\u00edgenas ha <a href=\"https:\/\/sertv.gob.pa\/crisolfm\/indigenas-denuncian-que-la-selva-darienita-esta-siendo-socavada\/\"> [&#8230;]<\/a><\/p>\n","protected":false},"author":64,"featured_media":26407,"comment_status":"closed","ping_status":"closed","sticky":false,"template":"","format":"standard","meta":{"footnotes":""},"categories":[7],"tags":[],"class_list":["post-26406","post","type-post","status-publish","format-standard","has-post-thumbnail","hentry","category-ecologicas"],"_links":{"self":[{"href":"https:\/\/sertv.gob.pa\/crisolfm\/wp-json\/wp\/v2\/posts\/26406","targetHints":{"allow":["GET"]}}],"collection":[{"href":"https:\/\/sertv.gob.pa\/crisolfm\/wp-json\/wp\/v2\/posts"}],"about":[{"href":"https:\/\/sertv.gob.pa\/crisolfm\/wp-json\/wp\/v2\/types\/post"}],"author":[{"embeddable":true,"href":"https:\/\/sertv.gob.pa\/crisolfm\/wp-json\/wp\/v2\/users\/64"}],"replies":[{"embeddable":true,"href":"https:\/\/sertv.gob.pa\/crisolfm\/wp-json\/wp\/v2\/comments?post=26406"}],"version-history":[{"count":1,"href":"https:\/\/sertv.gob.pa\/crisolfm\/wp-json\/wp\/v2\/posts\/26406\/revisions"}],"predecessor-version":[{"id":26408,"href":"https:\/\/sertv.gob.pa\/crisolfm\/wp-json\/wp\/v2\/posts\/26406\/revisions\/26408"}],"wp:featuredmedia":[{"embeddable":true,"href":"https:\/\/sertv.gob.pa\/crisolfm\/wp-json\/wp\/v2\/media\/26407"}],"wp:attachment":[{"href":"https:\/\/sertv.gob.pa\/crisolfm\/wp-json\/wp\/v2\/media?parent=26406"}],"wp:term":[{"taxonomy":"category","embeddable":true,"href":"https:\/\/sertv.gob.pa\/crisolfm\/wp-json\/wp\/v2\/categories?post=26406"},{"taxonomy":"post_tag","embeddable":true,"href":"https:\/\/sertv.gob.pa\/crisolfm\/wp-json\/wp\/v2\/tags?post=26406"}],"curies":[{"name":"wp","href":"https:\/\/api.w.org\/{rel}","templated":true}]}}