{"id":26409,"date":"2020-02-07T14:20:35","date_gmt":"2020-02-07T14:20:35","guid":{"rendered":"https:\/\/sertv.gob.pa\/crisolfm\/?p=26409"},"modified":"2020-02-07T14:20:35","modified_gmt":"2020-02-07T14:20:35","slug":"la-gran-feria-afroantillana-2020-en-atlapa","status":"publish","type":"post","link":"https:\/\/sertv.gob.pa\/crisolfm\/la-gran-feria-afroantillana-2020-en-atlapa\/","title":{"rendered":"La &#8216;Gran Feria Afroantillana&#8217; 2020 en Atlapa"},"content":{"rendered":"<p>Promover el turismo y preservar la herencia cultural es parte de su prop\u00f3sito. La \u201cGran feria Afroantillana 2020\u201d se realizar\u00e1 los d\u00edas s\u00e1bado y domingo de carnaval, 22 y 23 de febrero en el Centro de Convenciones Atlapa.<\/p>\n<p>\u00abEs un evento familiar, gastron\u00f3mico y artesanal. Una v\u00eda para transmitir la tradici\u00f3n afro de una generaci\u00f3n a otra. Adem\u00e1s, es un sitio de encuentro pues afrodescendientes de otros pa\u00edses, que viene a pasar la fiesta de carnaval, incluyen en su itinerario visitar la feria\u00bb, sostiene Ver\u00f3nica Forte, expresidenta de La Sociedad de Amigos del Museo Afroantillano de Panam\u00e1 (Samaap) y coordinadora de las reinas y princesas del reinado 2020.<\/p>\n<p>La XXXIX versi\u00f3n del evento cultural contar\u00e1, como es costumbre, con artesan\u00edas variadas, vestidos afros como el &#8216;dashiki&#8217;, gorros afros (&#8216;kufi&#8217;), prendas de madera, obras de arte, libros, bisuter\u00edas y adornos.<\/p>\n<p>Adem\u00e1s, se ofrecer\u00e1 un espect\u00e1culo variado que contar\u00e1 con la participaci\u00f3n de la cantante de Jazz, Idania Dowman; del grupo Acuarela Tropical, Grupo de Cuadrilla, Grupo Zumbaton y Los Beachers.<\/p>\n<p>&nbsp;<\/p>\n","protected":false},"excerpt":{"rendered":"<p>Promover el turismo y preservar la herencia cultural es parte <a href=\"https:\/\/sertv.gob.pa\/crisolfm\/la-gran-feria-afroantillana-2020-en-atlapa\/\"> [&#8230;]<\/a><\/p>\n","protected":false},"author":64,"featured_media":26410,"comment_status":"closed","ping_status":"closed","sticky":false,"template":"","format":"standard","meta":{"footnotes":""},"categories":[6],"tags":[],"class_list":["post-26409","post","type-post","status-publish","format-standard","has-post-thumbnail","hentry","category-culturales"],"_links":{"self":[{"href":"https:\/\/sertv.gob.pa\/crisolfm\/wp-json\/wp\/v2\/posts\/26409","targetHints":{"allow":["GET"]}}],"collection":[{"href":"https:\/\/sertv.gob.pa\/crisolfm\/wp-json\/wp\/v2\/posts"}],"about":[{"href":"https:\/\/sertv.gob.pa\/crisolfm\/wp-json\/wp\/v2\/types\/post"}],"author":[{"embeddable":true,"href":"https:\/\/sertv.gob.pa\/crisolfm\/wp-json\/wp\/v2\/users\/64"}],"replies":[{"embeddable":true,"href":"https:\/\/sertv.gob.pa\/crisolfm\/wp-json\/wp\/v2\/comments?post=26409"}],"version-history":[{"count":1,"href":"https:\/\/sertv.gob.pa\/crisolfm\/wp-json\/wp\/v2\/posts\/26409\/revisions"}],"predecessor-version":[{"id":26411,"href":"https:\/\/sertv.gob.pa\/crisolfm\/wp-json\/wp\/v2\/posts\/26409\/revisions\/26411"}],"wp:featuredmedia":[{"embeddable":true,"href":"https:\/\/sertv.gob.pa\/crisolfm\/wp-json\/wp\/v2\/media\/26410"}],"wp:attachment":[{"href":"https:\/\/sertv.gob.pa\/crisolfm\/wp-json\/wp\/v2\/media?parent=26409"}],"wp:term":[{"taxonomy":"category","embeddable":true,"href":"https:\/\/sertv.gob.pa\/crisolfm\/wp-json\/wp\/v2\/categories?post=26409"},{"taxonomy":"post_tag","embeddable":true,"href":"https:\/\/sertv.gob.pa\/crisolfm\/wp-json\/wp\/v2\/tags?post=26409"}],"curies":[{"name":"wp","href":"https:\/\/api.w.org\/{rel}","templated":true}]}}