{"id":26429,"date":"2020-02-07T15:17:04","date_gmt":"2020-02-07T15:17:04","guid":{"rendered":"https:\/\/sertv.gob.pa\/crisolfm\/?p=26429"},"modified":"2020-02-07T15:17:04","modified_gmt":"2020-02-07T15:17:04","slug":"colombia-anfitrion-del-dia-mundial-del-medio-ambiente-2020","status":"publish","type":"post","link":"https:\/\/sertv.gob.pa\/crisolfm\/colombia-anfitrion-del-dia-mundial-del-medio-ambiente-2020\/","title":{"rendered":"Colombia, anfitri\u00f3n del D\u00eda Mundial del Medio Ambiente 2020"},"content":{"rendered":"<p>El anuncio se realiz\u00f3 en el marco de la Conferencia de <strong>la ONU sobre Cambio Clim\u00e1tico<\/strong> (COP25) por parte del gobierno de Colombia, el Programa de las Naciones Unidas para el Medio Ambiente\u00a0y el gobierno de Alemania, que apoyar\u00e1 los eventos.<\/p>\n<p>El D\u00eda Mundial del Medio Ambiente, que se viene celebrando el 5 de junio, se erige en la fecha m\u00e1s relevante en el calendario de la ONU para promover la conciencia y la acci\u00f3n en materia ambiental a nivel global, logrando asentarse como la principal plataforma mundial de divulgaci\u00f3n p\u00fablica sobre la protecci\u00f3n del entorno.<\/p>\n<p>Con un mill\u00f3n de especies de plantas y animales en peligro de extinci\u00f3n a nivel mundial, los promotores consideran que 2020 es un momento decisivo para prestar especial atenci\u00f3n a esta tem\u00e1tica.<\/p>\n<p>Colombia est\u00e1 catalogado como uno de los pa\u00edses megadiversos del mundo, donde habita cerca del 10% de <strong>la biodiversidad del planeta<\/strong>.<\/p>\n<p>La naci\u00f3n suramericana ocupa el primer lugar en diversidad de especies de aves y orqu\u00eddeas, y el segundo en plantas, mariposas, peces de agua dulce y anfibios.<\/p>\n<p>Asimismo, tiene varias \u00e1reas ricas en diversidad biol\u00f3gica en los ecosistemas andinos, donde existe gran variedad de especies end\u00e9micas, y resguarda buena parte del bosque amaz\u00f3nico y ecosistemas h\u00famedos en el \u00e1rea biogeogr\u00e1fica del Choc\u00f3.<\/p>\n<p>El pr\u00f3ximo a\u00f1o ofrece tambi\u00e9n la oportunidad de dar inicio a la D\u00e9cada de las Naciones Unidas sobre la Restauraci\u00f3n de Ecosistemas (2021-2030), una iniciativa para ampliar masivamente la recuperaci\u00f3n de ecosistemas degradados y destruidos como parte de la lucha contra la crisis clim\u00e1tica y los esfuerzos en favor de la seguridad alimentaria, <strong>el suministro de agua y la biodiversidad<\/strong>.<\/p>\n<p>ECOticias<\/p>\n","protected":false},"excerpt":{"rendered":"<p>El anuncio se realiz\u00f3 en el marco de la Conferencia <a href=\"https:\/\/sertv.gob.pa\/crisolfm\/colombia-anfitrion-del-dia-mundial-del-medio-ambiente-2020\/\"> [&#8230;]<\/a><\/p>\n","protected":false},"author":64,"featured_media":26430,"comment_status":"closed","ping_status":"closed","sticky":false,"template":"","format":"standard","meta":{"footnotes":""},"categories":[7],"tags":[],"class_list":["post-26429","post","type-post","status-publish","format-standard","has-post-thumbnail","hentry","category-ecologicas"],"_links":{"self":[{"href":"https:\/\/sertv.gob.pa\/crisolfm\/wp-json\/wp\/v2\/posts\/26429","targetHints":{"allow":["GET"]}}],"collection":[{"href":"https:\/\/sertv.gob.pa\/crisolfm\/wp-json\/wp\/v2\/posts"}],"about":[{"href":"https:\/\/sertv.gob.pa\/crisolfm\/wp-json\/wp\/v2\/types\/post"}],"author":[{"embeddable":true,"href":"https:\/\/sertv.gob.pa\/crisolfm\/wp-json\/wp\/v2\/users\/64"}],"replies":[{"embeddable":true,"href":"https:\/\/sertv.gob.pa\/crisolfm\/wp-json\/wp\/v2\/comments?post=26429"}],"version-history":[{"count":1,"href":"https:\/\/sertv.gob.pa\/crisolfm\/wp-json\/wp\/v2\/posts\/26429\/revisions"}],"predecessor-version":[{"id":26431,"href":"https:\/\/sertv.gob.pa\/crisolfm\/wp-json\/wp\/v2\/posts\/26429\/revisions\/26431"}],"wp:featuredmedia":[{"embeddable":true,"href":"https:\/\/sertv.gob.pa\/crisolfm\/wp-json\/wp\/v2\/media\/26430"}],"wp:attachment":[{"href":"https:\/\/sertv.gob.pa\/crisolfm\/wp-json\/wp\/v2\/media?parent=26429"}],"wp:term":[{"taxonomy":"category","embeddable":true,"href":"https:\/\/sertv.gob.pa\/crisolfm\/wp-json\/wp\/v2\/categories?post=26429"},{"taxonomy":"post_tag","embeddable":true,"href":"https:\/\/sertv.gob.pa\/crisolfm\/wp-json\/wp\/v2\/tags?post=26429"}],"curies":[{"name":"wp","href":"https:\/\/api.w.org\/{rel}","templated":true}]}}