{"id":26433,"date":"2020-02-10T13:21:01","date_gmt":"2020-02-10T13:21:01","guid":{"rendered":"https:\/\/sertv.gob.pa\/crisolfm\/?p=26433"},"modified":"2020-02-10T13:21:01","modified_gmt":"2020-02-10T13:21:01","slug":"la-tormenta-ciara-deja-varios-heridos-en-europa","status":"publish","type":"post","link":"https:\/\/sertv.gob.pa\/crisolfm\/la-tormenta-ciara-deja-varios-heridos-en-europa\/","title":{"rendered":"La tormenta \u2018Ciara\u2019 deja varios heridos en Europa"},"content":{"rendered":"<p>La tormenta \u201cCiara\u201d continuaba activa este lunes en <a href=\"https:\/\/www.prensa.com\/tema\/europa\/\" target=\"_blank\" rel=\"noopener\">Europa<\/a>, donde hiri\u00f3 a varias personas en Alemania y oblig\u00f3 a cancelar vuelos y trenes y dej\u00f3 miles de hogares sin electricidad.<\/p>\n<p>Dos mujeres resultaron gravemente heridas en Sarrebruck (Alemania) por un \u00e1rbol y una de ellas se encontraba al borde de la muerte, indic\u00f3 la polic\u00eda. Un adolescente de 16 a\u00f1os result\u00f3 herido en la cabeza en Paderborn (oeste) por la rama de un \u00e1rbol.<\/p>\n<p>En los transportes, las grandes l\u00edneas ferroviarias, interrumpidas en la noche del domingo en todo Alemania permanecer\u00edan cortadas hasta las 09H00 GMT seg\u00fan el operador ferroviario Deutsche Bahn, que prev\u00e9 perturbaciones durante todo el d\u00eda, mientras la tormenta se mueve hacia el sur del pa\u00eds.<\/p>\n<p>En Fr\u00e1ncfort, una gr\u00faa de obra impact\u00f3 contra el techo de la catedral, explic\u00f3 la polic\u00eda, que no estaba en condiciones de precisar los da\u00f1os.<\/p>\n<p>En la Rep\u00fablica Checa, donde el viento alcanz\u00f3 180 kil\u00f3metros por hora, un hombre result\u00f3 herido por la ca\u00edda de un \u00e1rbol sobre su veh\u00edculo en el sur del pa\u00eds.<\/p>\n<p>La \u00abtormenta del siglo\u00bb ocupaba las portadas de muchos peri\u00f3dicos brit\u00e1nicos. \u00abEn t\u00e9rminos de territorios afectados, es probablemente la mayor tormenta del siglo\u00bb, solo comparable a la de 2013, indic\u00f3 Helen Roberts, de la oficina meteorol\u00f3gica brit\u00e1nica Met.<\/p>\n<p>En el Reino Unido segu\u00edan vigentes este lunes 180 alertas por inundaci\u00f3n. En algunos puntos se esperan vientos helados y nieve, pero la parte m\u00e1s intensa de la tormenta ya pas\u00f3.<\/p>\n<p>AFP<\/p>\n","protected":false},"excerpt":{"rendered":"<p>La tormenta \u201cCiara\u201d continuaba activa este lunes en Europa, donde <a href=\"https:\/\/sertv.gob.pa\/crisolfm\/la-tormenta-ciara-deja-varios-heridos-en-europa\/\"> [&#8230;]<\/a><\/p>\n","protected":false},"author":64,"featured_media":26434,"comment_status":"closed","ping_status":"closed","sticky":false,"template":"","format":"standard","meta":{"footnotes":""},"categories":[7],"tags":[],"class_list":["post-26433","post","type-post","status-publish","format-standard","has-post-thumbnail","hentry","category-ecologicas"],"_links":{"self":[{"href":"https:\/\/sertv.gob.pa\/crisolfm\/wp-json\/wp\/v2\/posts\/26433","targetHints":{"allow":["GET"]}}],"collection":[{"href":"https:\/\/sertv.gob.pa\/crisolfm\/wp-json\/wp\/v2\/posts"}],"about":[{"href":"https:\/\/sertv.gob.pa\/crisolfm\/wp-json\/wp\/v2\/types\/post"}],"author":[{"embeddable":true,"href":"https:\/\/sertv.gob.pa\/crisolfm\/wp-json\/wp\/v2\/users\/64"}],"replies":[{"embeddable":true,"href":"https:\/\/sertv.gob.pa\/crisolfm\/wp-json\/wp\/v2\/comments?post=26433"}],"version-history":[{"count":1,"href":"https:\/\/sertv.gob.pa\/crisolfm\/wp-json\/wp\/v2\/posts\/26433\/revisions"}],"predecessor-version":[{"id":26435,"href":"https:\/\/sertv.gob.pa\/crisolfm\/wp-json\/wp\/v2\/posts\/26433\/revisions\/26435"}],"wp:featuredmedia":[{"embeddable":true,"href":"https:\/\/sertv.gob.pa\/crisolfm\/wp-json\/wp\/v2\/media\/26434"}],"wp:attachment":[{"href":"https:\/\/sertv.gob.pa\/crisolfm\/wp-json\/wp\/v2\/media?parent=26433"}],"wp:term":[{"taxonomy":"category","embeddable":true,"href":"https:\/\/sertv.gob.pa\/crisolfm\/wp-json\/wp\/v2\/categories?post=26433"},{"taxonomy":"post_tag","embeddable":true,"href":"https:\/\/sertv.gob.pa\/crisolfm\/wp-json\/wp\/v2\/tags?post=26433"}],"curies":[{"name":"wp","href":"https:\/\/api.w.org\/{rel}","templated":true}]}}