{"id":26442,"date":"2020-02-10T13:53:05","date_gmt":"2020-02-10T13:53:05","guid":{"rendered":"https:\/\/sertv.gob.pa\/crisolfm\/?p=26442"},"modified":"2020-02-10T13:53:05","modified_gmt":"2020-02-10T13:53:05","slug":"vertedero-de-chitre-nuevamente-se-incendia","status":"publish","type":"post","link":"https:\/\/sertv.gob.pa\/crisolfm\/vertedero-de-chitre-nuevamente-se-incendia\/","title":{"rendered":"Vertedero de Chitr\u00e9 nuevamente se incendia"},"content":{"rendered":"<p>El vertedero municipal de Chitr\u00e9 se incendi\u00f3 nuevamente este fin de semana, generando grandes cortinas de humo que afectan a distintos sectores de Chitr\u00e9 y La Villa de Los Santos.<\/p>\n<p>El alcalde chitreano Juan Carlos Huerta manifest\u00f3 que, aunque el lugar se hallaba bastante limpio, la tarde de este s\u00e1bado 8 de febrero los desechos se prendieron. Cabe se\u00f1alar que hace exactamente un mes se dio esta misma situaci\u00f3n.<\/p>\n<p>A\u00f1adi\u00f3 que unos 20 trabajadores, incluyendo 8 operadores, efectuaban las labores de extinci\u00f3n. Detall\u00f3 que este personal se apoy\u00f3 con dos palas, un tractor y cuatro volquetes. No obstante, reconoci\u00f3 que el fuerte viento ha complicado mucho los trabajos.<\/p>\n<p>El pasado 8 de enero, un incendio de grandes proporciones alcanz\u00f3 a este vertedero de basura a cielo abierto. Para esa fecha, el Ministerio de Salud activ\u00f3 los cuartos de urgencia de los hospitales tanto en Chitr\u00e9 como en La Villa de Los Santos.<\/p>\n<p>Durante varios d\u00edas se mantuvo el malestar de las comunidades, dada las grandes cortinas de humo t\u00f3xico que emanaba del sitio.<\/p>\n<p>&nbsp;<\/p>\n","protected":false},"excerpt":{"rendered":"<p>El vertedero municipal de Chitr\u00e9 se incendi\u00f3 nuevamente este fin <a href=\"https:\/\/sertv.gob.pa\/crisolfm\/vertedero-de-chitre-nuevamente-se-incendia\/\"> [&#8230;]<\/a><\/p>\n","protected":false},"author":64,"featured_media":26444,"comment_status":"closed","ping_status":"closed","sticky":false,"template":"","format":"standard","meta":{"footnotes":""},"categories":[7],"tags":[],"class_list":["post-26442","post","type-post","status-publish","format-standard","has-post-thumbnail","hentry","category-ecologicas"],"_links":{"self":[{"href":"https:\/\/sertv.gob.pa\/crisolfm\/wp-json\/wp\/v2\/posts\/26442","targetHints":{"allow":["GET"]}}],"collection":[{"href":"https:\/\/sertv.gob.pa\/crisolfm\/wp-json\/wp\/v2\/posts"}],"about":[{"href":"https:\/\/sertv.gob.pa\/crisolfm\/wp-json\/wp\/v2\/types\/post"}],"author":[{"embeddable":true,"href":"https:\/\/sertv.gob.pa\/crisolfm\/wp-json\/wp\/v2\/users\/64"}],"replies":[{"embeddable":true,"href":"https:\/\/sertv.gob.pa\/crisolfm\/wp-json\/wp\/v2\/comments?post=26442"}],"version-history":[{"count":1,"href":"https:\/\/sertv.gob.pa\/crisolfm\/wp-json\/wp\/v2\/posts\/26442\/revisions"}],"predecessor-version":[{"id":26445,"href":"https:\/\/sertv.gob.pa\/crisolfm\/wp-json\/wp\/v2\/posts\/26442\/revisions\/26445"}],"wp:featuredmedia":[{"embeddable":true,"href":"https:\/\/sertv.gob.pa\/crisolfm\/wp-json\/wp\/v2\/media\/26444"}],"wp:attachment":[{"href":"https:\/\/sertv.gob.pa\/crisolfm\/wp-json\/wp\/v2\/media?parent=26442"}],"wp:term":[{"taxonomy":"category","embeddable":true,"href":"https:\/\/sertv.gob.pa\/crisolfm\/wp-json\/wp\/v2\/categories?post=26442"},{"taxonomy":"post_tag","embeddable":true,"href":"https:\/\/sertv.gob.pa\/crisolfm\/wp-json\/wp\/v2\/tags?post=26442"}],"curies":[{"name":"wp","href":"https:\/\/api.w.org\/{rel}","templated":true}]}}