{"id":26446,"date":"2020-02-10T14:09:52","date_gmt":"2020-02-10T14:09:52","guid":{"rendered":"https:\/\/sertv.gob.pa\/crisolfm\/?p=26446"},"modified":"2020-02-10T14:09:52","modified_gmt":"2020-02-10T14:09:52","slug":"verano-arte-en-movimiento-2020","status":"publish","type":"post","link":"https:\/\/sertv.gob.pa\/crisolfm\/verano-arte-en-movimiento-2020\/","title":{"rendered":"Verano \u201cArte en Movimiento\u201d 2020"},"content":{"rendered":"<p>La provincia de Herrera fue el escenario del lanzamiento oficial de la temporada de verano denominada \u201cArte en movimiento\u201d, que se activar\u00e1n 12 puntos del pa\u00eds, incluyendo territorios insulares.<\/p>\n<p>El ministro de Cultura, Carlos Aguilar Navarro, manifest\u00f3 que esta \u201ciniciativa es una evoluci\u00f3n de las tradicionales temporadas de verano, concebidas por ofertas art\u00edsticas variadas para el entretenimiento masivo, el enriquecimiento cultural, y el intercambio de experiencias y saberes, en donde, la mayor cantidad de eventos son realizados en locaciones en exteriores y de entrada libre o gratuita.\u201d<\/p>\n<p>La propuesta art\u00edstica incluye la presentaci\u00f3n de la agrupaci\u00f3n Mec\u00e1nik Informal, la Orquesta Dule, el violinista Joshue Ashby, m\u00fasicos del movimiento Tocando Madera, La Tribu Performance, as\u00ed como la participaci\u00f3n del cantante Luis Moore, artistas folkl\u00f3ricos desde las direcciones regionales del pa\u00eds, grupos de teatro como Carilimpia e instalaciones visuales de Rafael Navarro, entre otras manifestaciones culturales.<\/p>\n<p>Las 12 rutas de Arte en movimiento incluyen las islas de Taboga, Isla Niadup y R\u00edo Tigre en Guna Yala, el estadio Randolph Gammet de Llano Bonito en Chitr\u00e9, el Parque de las Madres en Penonom\u00e9, la Placita de Santiago de Veraguas, los terrenos de Westland Mall en Panam\u00e1 Oeste, el gimnasio de la cinta costanera en Col\u00f3n, el gimnasio Orlando Wynter de San Miguelito, los terrenos de la Universidad del Istmo en Chiriqu\u00ed, el Centro Cultural Metropolitano en El Mara\u00f1\u00f3n, el Parque Omar y la Cinta Costera en la ciudad de Panam\u00e1.<\/p>\n<p>&nbsp;<\/p>\n","protected":false},"excerpt":{"rendered":"<p>La provincia de Herrera fue el escenario del lanzamiento oficial <a href=\"https:\/\/sertv.gob.pa\/crisolfm\/verano-arte-en-movimiento-2020\/\"> [&#8230;]<\/a><\/p>\n","protected":false},"author":64,"featured_media":26447,"comment_status":"closed","ping_status":"closed","sticky":false,"template":"","format":"standard","meta":{"footnotes":""},"categories":[6],"tags":[],"class_list":["post-26446","post","type-post","status-publish","format-standard","has-post-thumbnail","hentry","category-culturales"],"_links":{"self":[{"href":"https:\/\/sertv.gob.pa\/crisolfm\/wp-json\/wp\/v2\/posts\/26446","targetHints":{"allow":["GET"]}}],"collection":[{"href":"https:\/\/sertv.gob.pa\/crisolfm\/wp-json\/wp\/v2\/posts"}],"about":[{"href":"https:\/\/sertv.gob.pa\/crisolfm\/wp-json\/wp\/v2\/types\/post"}],"author":[{"embeddable":true,"href":"https:\/\/sertv.gob.pa\/crisolfm\/wp-json\/wp\/v2\/users\/64"}],"replies":[{"embeddable":true,"href":"https:\/\/sertv.gob.pa\/crisolfm\/wp-json\/wp\/v2\/comments?post=26446"}],"version-history":[{"count":1,"href":"https:\/\/sertv.gob.pa\/crisolfm\/wp-json\/wp\/v2\/posts\/26446\/revisions"}],"predecessor-version":[{"id":26448,"href":"https:\/\/sertv.gob.pa\/crisolfm\/wp-json\/wp\/v2\/posts\/26446\/revisions\/26448"}],"wp:featuredmedia":[{"embeddable":true,"href":"https:\/\/sertv.gob.pa\/crisolfm\/wp-json\/wp\/v2\/media\/26447"}],"wp:attachment":[{"href":"https:\/\/sertv.gob.pa\/crisolfm\/wp-json\/wp\/v2\/media?parent=26446"}],"wp:term":[{"taxonomy":"category","embeddable":true,"href":"https:\/\/sertv.gob.pa\/crisolfm\/wp-json\/wp\/v2\/categories?post=26446"},{"taxonomy":"post_tag","embeddable":true,"href":"https:\/\/sertv.gob.pa\/crisolfm\/wp-json\/wp\/v2\/tags?post=26446"}],"curies":[{"name":"wp","href":"https:\/\/api.w.org\/{rel}","templated":true}]}}