{"id":26452,"date":"2020-02-10T14:22:12","date_gmt":"2020-02-10T14:22:12","guid":{"rendered":"https:\/\/sertv.gob.pa\/crisolfm\/?p=26452"},"modified":"2020-02-10T14:22:12","modified_gmt":"2020-02-10T14:22:12","slug":"los-angeles-inaugurara-su-museo-del-cine-con-homenaje-a-kirk-douglas","status":"publish","type":"post","link":"https:\/\/sertv.gob.pa\/crisolfm\/los-angeles-inaugurara-su-museo-del-cine-con-homenaje-a-kirk-douglas\/","title":{"rendered":"Los \u00c1ngeles inaugurar\u00e1 su Museo del Cine con homenaje a Kirk Douglas"},"content":{"rendered":"<p>Tras una larga espera, el Museo del Cine de Los \u00c1ngeles abrir\u00e1 sus puertas este a\u00f1o e incluir\u00e1 un homenaje al recientemente fallecido Kirk Douglas, anunci\u00f3 la Academia de los \u00d3scar, que conduce el proyecto.<\/p>\n<p>La idea de un museo dedicado al s\u00e9ptimo arte tard\u00f3 casi un siglo para ver la luz del d\u00eda y el edificio dise\u00f1ado por el arquitecto italiano Renzo Piano, que se supon\u00eda que se inaugurar\u00eda en 2017, fue sufriendo retraso tras retraso.<\/p>\n<p>Fue antes de la 92a edici\u00f3n de los \u00d3scar que la Academia finalmente organiz\u00f3 el viernes una visita de periodistas al sitio, que no se encuentra en Hollywood, sino unos pocos kil\u00f3metros m\u00e1s al sur.<\/p>\n<p>Una gigantesca esfera de vidrio, acero y concreto, que se encuentra al costado del museo, parece flotar sobre el suelo para encarnar \u00abla magia del cine\u00bb y se conecta por pasarelas al edificio principal. La misi\u00f3n del museo, que alberga una sala de cine de mil butacas equipada con la \u00faltima tecnolog\u00eda, es volver sobre la historia del cine y sus innovaciones, as\u00ed como mostrar a los visitantes las distintas t\u00e9cnicas utilizadas para hacer una pel\u00edcula.<\/p>\n<p>En materia de curiosidades, se podr\u00e1 ver en las ventanas las famosas zapatillas rojas de Judy Garland en \u00abEl mago de Oz\u00bb, las puertas del ficticio \u00abRick&#8217;s American Caf\u00e9\u00bb frecuentado por Humphrey Bogart en \u00abCasablanca\u00bb, o la capa de Dr\u00e1cula usada por Bela Lugosi en la pel\u00edcula de 1931.\u00a0Tambi\u00e9n habr\u00e1 recuerdos de Kirk Douglas, la leyenda de Hollywood que muri\u00f3 el mi\u00e9rcoles a la edad de 103 a\u00f1os.\u00a0\u00abSomos allegados a la familia Douglas. Tenemos objetos relacionados con Kirk, su historia ser\u00e1 contada en el museo\u00bb, dijo a la AFP su director, Bill Kramer. Cuando las estrellas del cine se apagan, este museo \u00abayudar\u00e1 a contar sus historias, esa es la misi\u00f3n que nos hemos propuesto\u00bb, agrega.<\/p>\n<p>El edificio, cuya construcci\u00f3n est\u00e1 casi terminada, tendr\u00e1 m\u00e1s de 3.600 m2 de galer\u00edas y salas de exposiciones.<\/p>\n<p>AFP<\/p>\n","protected":false},"excerpt":{"rendered":"<p>Tras una larga espera, el Museo del Cine de Los <a href=\"https:\/\/sertv.gob.pa\/crisolfm\/los-angeles-inaugurara-su-museo-del-cine-con-homenaje-a-kirk-douglas\/\"> [&#8230;]<\/a><\/p>\n","protected":false},"author":64,"featured_media":26453,"comment_status":"closed","ping_status":"closed","sticky":false,"template":"","format":"standard","meta":{"footnotes":""},"categories":[6],"tags":[],"class_list":["post-26452","post","type-post","status-publish","format-standard","has-post-thumbnail","hentry","category-culturales"],"_links":{"self":[{"href":"https:\/\/sertv.gob.pa\/crisolfm\/wp-json\/wp\/v2\/posts\/26452","targetHints":{"allow":["GET"]}}],"collection":[{"href":"https:\/\/sertv.gob.pa\/crisolfm\/wp-json\/wp\/v2\/posts"}],"about":[{"href":"https:\/\/sertv.gob.pa\/crisolfm\/wp-json\/wp\/v2\/types\/post"}],"author":[{"embeddable":true,"href":"https:\/\/sertv.gob.pa\/crisolfm\/wp-json\/wp\/v2\/users\/64"}],"replies":[{"embeddable":true,"href":"https:\/\/sertv.gob.pa\/crisolfm\/wp-json\/wp\/v2\/comments?post=26452"}],"version-history":[{"count":1,"href":"https:\/\/sertv.gob.pa\/crisolfm\/wp-json\/wp\/v2\/posts\/26452\/revisions"}],"predecessor-version":[{"id":26454,"href":"https:\/\/sertv.gob.pa\/crisolfm\/wp-json\/wp\/v2\/posts\/26452\/revisions\/26454"}],"wp:featuredmedia":[{"embeddable":true,"href":"https:\/\/sertv.gob.pa\/crisolfm\/wp-json\/wp\/v2\/media\/26453"}],"wp:attachment":[{"href":"https:\/\/sertv.gob.pa\/crisolfm\/wp-json\/wp\/v2\/media?parent=26452"}],"wp:term":[{"taxonomy":"category","embeddable":true,"href":"https:\/\/sertv.gob.pa\/crisolfm\/wp-json\/wp\/v2\/categories?post=26452"},{"taxonomy":"post_tag","embeddable":true,"href":"https:\/\/sertv.gob.pa\/crisolfm\/wp-json\/wp\/v2\/tags?post=26452"}],"curies":[{"name":"wp","href":"https:\/\/api.w.org\/{rel}","templated":true}]}}