{"id":26455,"date":"2020-02-10T14:26:19","date_gmt":"2020-02-10T14:26:19","guid":{"rendered":"https:\/\/sertv.gob.pa\/crisolfm\/?p=26455"},"modified":"2020-02-10T14:26:19","modified_gmt":"2020-02-10T14:26:19","slug":"la-antartida-argentina-atraveso-su-dia-mas-caluroso","status":"publish","type":"post","link":"https:\/\/sertv.gob.pa\/crisolfm\/la-antartida-argentina-atraveso-su-dia-mas-caluroso\/","title":{"rendered":"La Ant\u00e1rtida argentina atraves\u00f3 su d\u00eda m\u00e1s caluroso"},"content":{"rendered":"<p>La Ant\u00e1rtida argentina tuvo el jueves pasado temperaturas r\u00e9cord, con el d\u00eda m\u00e1s caluroso del que se tenga registro, inform\u00f3 el Servicio Meteorol\u00f3gico Nacional. Las altas temperaturas ponen en riesgo el casquete polar.<\/p>\n<p>Al mediod\u00eda del jueves, en la base Esperanza, una estaci\u00f3n cient\u00edfica, la temperatura alcanz\u00f3 los 18,3 grados cent\u00edgrados. Seg\u00fan el Servicio Meteorol\u00f3gico se trata de la m\u00e1s elevada desde 1961 y supera el anterior r\u00e9cord de 17,5 \u00b0C del 24 de marzo de 2015.<\/p>\n<p>En la base Marambio, otra estaci\u00f3n cient\u00edfica, la temperatura lleg\u00f3 el jueves a 14,1 \u00b0C, la m\u00e1s calurosa para un mes de febrero desde 1971. El r\u00e9cord anterior se hab\u00eda registrado el 24 de febrero de 2013, con 13,8 \u00b0C.<\/p>\n<p>Se trata de r\u00e9cords de temperatura \u00abciertamente impactantes, pero que no sorprenden puesto que la Ant\u00e1rtida se recalienta al igual que el resto del planeta\u00bb, reaccion\u00f3 este viernes en un comunicado Frida Bengtsson, especialista en ambiente marino de la organizaci\u00f3n Greenpeace.<\/p>\n<p>Tras una d\u00e9cada de r\u00e9cords en aumento de las temperaturas, que cerr\u00f3 con 2019 como el segundo a\u00f1o m\u00e1s caluroso del que se tenga registro, el decenio 2020 comenz\u00f3 con la misma tendencia. El mes pasado qued\u00f3 como el enero m\u00e1s caluroso que se haya registrado.<\/p>\n<p>Como consecuencia directa del alza de las temperaturas por la actividad humana, los dos casquetes polares, en la Ant\u00e1rtida y en Groenlandia, han perdido 430.000 millones de toneladas de hielo por a\u00f1o desde 2006, con el consecuente aumento del nivel de los oc\u00e9anos.<\/p>\n<p>AFP<\/p>\n","protected":false},"excerpt":{"rendered":"<p>La Ant\u00e1rtida argentina tuvo el jueves pasado temperaturas r\u00e9cord, con <a href=\"https:\/\/sertv.gob.pa\/crisolfm\/la-antartida-argentina-atraveso-su-dia-mas-caluroso\/\"> [&#8230;]<\/a><\/p>\n","protected":false},"author":64,"featured_media":26456,"comment_status":"closed","ping_status":"closed","sticky":false,"template":"","format":"standard","meta":{"footnotes":""},"categories":[7],"tags":[],"class_list":["post-26455","post","type-post","status-publish","format-standard","has-post-thumbnail","hentry","category-ecologicas"],"_links":{"self":[{"href":"https:\/\/sertv.gob.pa\/crisolfm\/wp-json\/wp\/v2\/posts\/26455","targetHints":{"allow":["GET"]}}],"collection":[{"href":"https:\/\/sertv.gob.pa\/crisolfm\/wp-json\/wp\/v2\/posts"}],"about":[{"href":"https:\/\/sertv.gob.pa\/crisolfm\/wp-json\/wp\/v2\/types\/post"}],"author":[{"embeddable":true,"href":"https:\/\/sertv.gob.pa\/crisolfm\/wp-json\/wp\/v2\/users\/64"}],"replies":[{"embeddable":true,"href":"https:\/\/sertv.gob.pa\/crisolfm\/wp-json\/wp\/v2\/comments?post=26455"}],"version-history":[{"count":1,"href":"https:\/\/sertv.gob.pa\/crisolfm\/wp-json\/wp\/v2\/posts\/26455\/revisions"}],"predecessor-version":[{"id":26457,"href":"https:\/\/sertv.gob.pa\/crisolfm\/wp-json\/wp\/v2\/posts\/26455\/revisions\/26457"}],"wp:featuredmedia":[{"embeddable":true,"href":"https:\/\/sertv.gob.pa\/crisolfm\/wp-json\/wp\/v2\/media\/26456"}],"wp:attachment":[{"href":"https:\/\/sertv.gob.pa\/crisolfm\/wp-json\/wp\/v2\/media?parent=26455"}],"wp:term":[{"taxonomy":"category","embeddable":true,"href":"https:\/\/sertv.gob.pa\/crisolfm\/wp-json\/wp\/v2\/categories?post=26455"},{"taxonomy":"post_tag","embeddable":true,"href":"https:\/\/sertv.gob.pa\/crisolfm\/wp-json\/wp\/v2\/tags?post=26455"}],"curies":[{"name":"wp","href":"https:\/\/api.w.org\/{rel}","templated":true}]}}