{"id":26458,"date":"2020-02-10T14:46:38","date_gmt":"2020-02-10T14:46:38","guid":{"rendered":"https:\/\/sertv.gob.pa\/crisolfm\/?p=26458"},"modified":"2020-02-10T14:46:38","modified_gmt":"2020-02-10T14:46:38","slug":"las-langostas-del-desierto-invaden-los-paises-de-africa-oriental","status":"publish","type":"post","link":"https:\/\/sertv.gob.pa\/crisolfm\/las-langostas-del-desierto-invaden-los-paises-de-africa-oriental\/","title":{"rendered":"Las langostas del desierto invaden los pa\u00edses de \u00c1frica Oriental"},"content":{"rendered":"<p>Entre marzo y abril, <strong>la plaga podr\u00eda afectar<\/strong> a la principal temporada de producci\u00f3n de cultivos b\u00e1sicos en esta regi\u00f3n. Esto conducir\u00e1 a un acceso limitado a los productos alimenticios y al aumento de los precios.<\/p>\n<p>\u201cEl mayor impacto de la infestaci\u00f3n de langostas no se sentir\u00e1 hoy, pero si en las pr\u00f3ximas semanas y meses, cuando las poblaciones afectadas, incluidos millones de ni\u00f1os, sientan la p\u00e9rdida de los pastos y el acceso limitado a los productos alimenticios\u201d, afirma Joseph Kamara, Director Regional de Emergencias de World Vision en \u00c1frica Oriental.<\/p>\n<p>No se trata solo de la amenaza inmediata de <strong>los enjambres de langostas actuales<\/strong>, sino tambi\u00e9n de las implicaciones de la inseguridad alimentaria. \u201cLa p\u00e9rdida significativa de pasto producir\u00e1 movimientos de poblaci\u00f3n y tensiones crecientes en entornos ya complejos\u201da\u00f1ade Joseph Kamara.<\/p>\n<p>En estos momentos, seg\u00fan Kamara, la necesidad clave es la financiaci\u00f3n,\u201cpara que las comunidades puedan participar y dise\u00f1ar soluciones a medida que apoyen las macro acciones del gobierno.<\/p>\n<p>Tambi\u00e9n se necesitan recursos para promover la recuperaci\u00f3n temprana de las \u00e1reas afectadas, y para realizar operaciones intensivas de control terrestre y a\u00e9reo con el fin de detectar y reducir <strong>las poblaciones de langostas<\/strong>, evitar la formaci\u00f3n de enjambres y evitar la propagaci\u00f3n a otras \u00e1reas\u201d.<\/p>\n<p>\u201cEn estos momentos, World Vision est\u00e1 trabajando con nuestras oficinas en Kenia, Etiop\u00eda y Somalia para evaluar la situaci\u00f3n de la invasi\u00f3n de langostas y buscar soluciones para y con las comunidades.<\/p>\n<p>Nuestra principal preocupaci\u00f3n sigue siendo el bienestar y la protecci\u00f3n de los ni\u00f1os, y lo que esto significa para ellos ahora y en el futuro\u00bb,concluye Kamara.<\/p>\n<p>ECOticias<\/p>\n","protected":false},"excerpt":{"rendered":"<p>Entre marzo y abril, la plaga podr\u00eda afectar a la <a href=\"https:\/\/sertv.gob.pa\/crisolfm\/las-langostas-del-desierto-invaden-los-paises-de-africa-oriental\/\"> [&#8230;]<\/a><\/p>\n","protected":false},"author":64,"featured_media":26459,"comment_status":"closed","ping_status":"closed","sticky":false,"template":"","format":"standard","meta":{"footnotes":""},"categories":[7],"tags":[],"class_list":["post-26458","post","type-post","status-publish","format-standard","has-post-thumbnail","hentry","category-ecologicas"],"_links":{"self":[{"href":"https:\/\/sertv.gob.pa\/crisolfm\/wp-json\/wp\/v2\/posts\/26458","targetHints":{"allow":["GET"]}}],"collection":[{"href":"https:\/\/sertv.gob.pa\/crisolfm\/wp-json\/wp\/v2\/posts"}],"about":[{"href":"https:\/\/sertv.gob.pa\/crisolfm\/wp-json\/wp\/v2\/types\/post"}],"author":[{"embeddable":true,"href":"https:\/\/sertv.gob.pa\/crisolfm\/wp-json\/wp\/v2\/users\/64"}],"replies":[{"embeddable":true,"href":"https:\/\/sertv.gob.pa\/crisolfm\/wp-json\/wp\/v2\/comments?post=26458"}],"version-history":[{"count":1,"href":"https:\/\/sertv.gob.pa\/crisolfm\/wp-json\/wp\/v2\/posts\/26458\/revisions"}],"predecessor-version":[{"id":26460,"href":"https:\/\/sertv.gob.pa\/crisolfm\/wp-json\/wp\/v2\/posts\/26458\/revisions\/26460"}],"wp:featuredmedia":[{"embeddable":true,"href":"https:\/\/sertv.gob.pa\/crisolfm\/wp-json\/wp\/v2\/media\/26459"}],"wp:attachment":[{"href":"https:\/\/sertv.gob.pa\/crisolfm\/wp-json\/wp\/v2\/media?parent=26458"}],"wp:term":[{"taxonomy":"category","embeddable":true,"href":"https:\/\/sertv.gob.pa\/crisolfm\/wp-json\/wp\/v2\/categories?post=26458"},{"taxonomy":"post_tag","embeddable":true,"href":"https:\/\/sertv.gob.pa\/crisolfm\/wp-json\/wp\/v2\/tags?post=26458"}],"curies":[{"name":"wp","href":"https:\/\/api.w.org\/{rel}","templated":true}]}}