{"id":26472,"date":"2020-02-11T13:13:02","date_gmt":"2020-02-11T13:13:02","guid":{"rendered":"https:\/\/sertv.gob.pa\/crisolfm\/?p=26472"},"modified":"2020-02-11T13:13:02","modified_gmt":"2020-02-11T13:13:02","slug":"la-bbc-hara-una-serie-sobre-greta-thunberg","status":"publish","type":"post","link":"https:\/\/sertv.gob.pa\/crisolfm\/la-bbc-hara-una-serie-sobre-greta-thunberg\/","title":{"rendered":"La \u2018BBC\u2019 har\u00e1 una serie sobre Greta Thunberg"},"content":{"rendered":"<p>La televisi\u00f3n p\u00fablica brit\u00e1nica <strong>BBC <\/strong>anunci\u00f3 ayer que producir\u00e1 una serie documental con la participaci\u00f3n de la adolescente activista medioambiental sueca <a href=\"https:\/\/www.prensa.com\/tema\/greta-thunberg\/\" target=\"_blank\" rel=\"noopener\">Greta Thunberg<\/a>, que trazar\u00e1 su vida y explorar\u00e1 los descubrimiento de los cient\u00edficos sobre el <a href=\"https:\/\/www.prensa.com\/tema\/cambio-clim-tico\/\" target=\"_blank\" rel=\"noopener\">cambio clim\u00e1tico. <\/a><\/p>\n<p>\u201cLa serie seguir\u00e1 la cruzada internacional de Greta, que la lleva a la primera l\u00ednea de la lucha contra el cambio clim\u00e1tico en algunos de los lugares m\u00e1s extraordinarios de la Tierra, mientras explora las acciones que se podr\u00edan tomar para limitar el cambio clim\u00e1tico y el da\u00f1o que causa\u201d, anunci\u00f3<strong> BBC Studios<\/strong> en un comunicado.<\/p>\n<p>La serie asistir\u00e1 a encuentros de la activista de 17 a\u00f1os con cient\u00edficos, pol\u00edticos y l\u00edderes empresariales a quienes pide que act\u00faen contra la emergencia clim\u00e1tica.<\/p>\n<p>\u201cLos episodios tambi\u00e9n trazar\u00e1n su propio viaje hacia la edad adulta\u201d.<\/p>\n<p>Se incluir\u00e1n asimismo momentos de tranquilidad, en los que la joven que sufre de una forma leve de autismo social, conocido como s\u00edndrome de Asperger, escribe por ejemplo sus discursos.<\/p>\n<p>La lucha clim\u00e1tica de Thunberg comenz\u00f3 silenciosamente en agosto de 2018 cuando falt\u00f3 a la escuela durante tres semanas para pasar todos los viernes frente al Parlamento sueco con un cartel que dec\u00eda \u201cHuelga escolar por el clima\u201d. Desde entonces, su activismo ha atra\u00eddo la atenci\u00f3n de millones de j\u00f3venes.<\/p>\n<p>\u201cEl cambio clim\u00e1tico es probablemente el tema m\u00e1s importante de nuestras vidas, por lo que parece oportuno hacer una serie autorizada que explore los hechos y la ciencia que hay detr\u00e1s de este complejo tema\u201d, afirm\u00f3 Rob Liddell, productor ejecutivo de <strong>BBC Studios.<\/strong><\/p>\n<p>AFP<\/p>\n","protected":false},"excerpt":{"rendered":"<p>La televisi\u00f3n p\u00fablica brit\u00e1nica BBC anunci\u00f3 ayer que producir\u00e1 una <a href=\"https:\/\/sertv.gob.pa\/crisolfm\/la-bbc-hara-una-serie-sobre-greta-thunberg\/\"> [&#8230;]<\/a><\/p>\n","protected":false},"author":64,"featured_media":26474,"comment_status":"closed","ping_status":"closed","sticky":false,"template":"","format":"standard","meta":{"footnotes":""},"categories":[7],"tags":[],"class_list":["post-26472","post","type-post","status-publish","format-standard","has-post-thumbnail","hentry","category-ecologicas"],"_links":{"self":[{"href":"https:\/\/sertv.gob.pa\/crisolfm\/wp-json\/wp\/v2\/posts\/26472","targetHints":{"allow":["GET"]}}],"collection":[{"href":"https:\/\/sertv.gob.pa\/crisolfm\/wp-json\/wp\/v2\/posts"}],"about":[{"href":"https:\/\/sertv.gob.pa\/crisolfm\/wp-json\/wp\/v2\/types\/post"}],"author":[{"embeddable":true,"href":"https:\/\/sertv.gob.pa\/crisolfm\/wp-json\/wp\/v2\/users\/64"}],"replies":[{"embeddable":true,"href":"https:\/\/sertv.gob.pa\/crisolfm\/wp-json\/wp\/v2\/comments?post=26472"}],"version-history":[{"count":1,"href":"https:\/\/sertv.gob.pa\/crisolfm\/wp-json\/wp\/v2\/posts\/26472\/revisions"}],"predecessor-version":[{"id":26475,"href":"https:\/\/sertv.gob.pa\/crisolfm\/wp-json\/wp\/v2\/posts\/26472\/revisions\/26475"}],"wp:featuredmedia":[{"embeddable":true,"href":"https:\/\/sertv.gob.pa\/crisolfm\/wp-json\/wp\/v2\/media\/26474"}],"wp:attachment":[{"href":"https:\/\/sertv.gob.pa\/crisolfm\/wp-json\/wp\/v2\/media?parent=26472"}],"wp:term":[{"taxonomy":"category","embeddable":true,"href":"https:\/\/sertv.gob.pa\/crisolfm\/wp-json\/wp\/v2\/categories?post=26472"},{"taxonomy":"post_tag","embeddable":true,"href":"https:\/\/sertv.gob.pa\/crisolfm\/wp-json\/wp\/v2\/tags?post=26472"}],"curies":[{"name":"wp","href":"https:\/\/api.w.org\/{rel}","templated":true}]}}