{"id":26505,"date":"2020-02-11T14:43:15","date_gmt":"2020-02-11T14:43:15","guid":{"rendered":"https:\/\/sertv.gob.pa\/crisolfm\/?p=26505"},"modified":"2020-02-11T14:43:15","modified_gmt":"2020-02-11T14:43:15","slug":"una-critica-de-arte-destroza-sin-querer-una-obra-que-valia-20-000-dolares-y-que-no-le-gustaba","status":"publish","type":"post","link":"https:\/\/sertv.gob.pa\/crisolfm\/una-critica-de-arte-destroza-sin-querer-una-obra-que-valia-20-000-dolares-y-que-no-le-gustaba\/","title":{"rendered":"Una cr\u00edtica de arte destroza sin querer una obra que val\u00eda 20.000 d\u00f3lares y que no le gustaba"},"content":{"rendered":"<p>La feria de arte m\u00e1s importante de Am\u00e9rica Latina, Zona Maco, celebrada en Ciudad de M\u00e9xico, ha dado la vuelta al mundo no por motivos art\u00edsticos estrictos sino porque se vivi\u00f3 un extra\u00f1o incidente que ha implicado la destrucci\u00f3n de una instalaci\u00f3n art\u00edstica valorada en<strong> 20.000 d\u00f3lares. <\/strong><\/p>\n<p>La pieza de cristal del artista <strong>Gabriel Rico<\/strong> (1980), expuesta en el stand de la galer\u00eda OMR y titulada \u00abNimble and sinister tricks (To be preserved with out scandal and corruption) I\u00bb, que fue creada en 2018, fue destrozada en la feria y el revuelo tiene en la muy controvertida cr\u00edtica de arte <strong>Avelina L\u00e9sper<\/strong> a la causante, seg\u00fan informan medios de todo el mundo.<\/p>\n<p>El director del Museo Soumaya tuite\u00f3 que esta \u00abtragedia en Zona Maco\u00bb estuvo \u00abprotagonizada por la pseudo y autoproclamada cr\u00edtica de arte Avelina L\u00e9sper. Tras su visita al espacio de la OMR rompi\u00f3 la obra de Gabriel Rico. <strong>Ni siquiera se disculp\u00f3 y huy\u00f3<\/strong>\u00bb.<\/p>\n<p>Seg\u00fan los testigos, de pronto observaron vidrios en el piso y a pesar de la conmoci\u00f3n, en un principio creyeron que era parte de un performance, pero se dieron cuenta que no era as\u00ed al ver que Lesper era escoltada por guardias de seguridad en el Centro Citibanamex, informa \u00abInfobae\u00bb.<\/p>\n<p>L\u00e9sper dijo que accidentalmente destroz\u00f3 la instalaci\u00f3n el s\u00e1bado cuando <strong>coloc\u00f3 una lata de refresco vac\u00eda cerca para expresar su desprecio por la obra<\/strong>: una l\u00e1mina de vidrio con una piedra, un bal\u00f3n de f\u00fatbol y otros objetos al azar suspendidos en el interior.<\/p>\n<p>\u00abFue como si el trabajo escuchara mi comentario y sintiera lo que pensaba de \u00e9l\u00bb, dijo L\u00e9sper en un comunicado en video para \u00abMilenio\u00bb, el medio que publica sus columnas. <strong>\u00abEl trabajo se hizo a\u00f1icos y se derrumb\u00f3 y cay\u00f3 al suelo\u00bb.<\/strong><\/p>\n<p>La galer\u00eda dijo que el comportamiento del cr\u00edtico mostr\u00f3 una <strong>\u00abenorme falta de profesionalismo y respeto\u00bb.<\/strong> Otros recurrieron a las redes sociales para aplaudir la destrucci\u00f3n como una pieza de actuaci\u00f3n y para vender la venta de arte que consist\u00eda en objetos usados y encontrados.<\/p>\n<p>ABC Cultura<\/p>\n","protected":false},"excerpt":{"rendered":"<p>La feria de arte m\u00e1s importante de Am\u00e9rica Latina, Zona <a href=\"https:\/\/sertv.gob.pa\/crisolfm\/una-critica-de-arte-destroza-sin-querer-una-obra-que-valia-20-000-dolares-y-que-no-le-gustaba\/\"> [&#8230;]<\/a><\/p>\n","protected":false},"author":64,"featured_media":26506,"comment_status":"closed","ping_status":"closed","sticky":false,"template":"","format":"standard","meta":{"footnotes":""},"categories":[6],"tags":[],"class_list":["post-26505","post","type-post","status-publish","format-standard","has-post-thumbnail","hentry","category-culturales"],"_links":{"self":[{"href":"https:\/\/sertv.gob.pa\/crisolfm\/wp-json\/wp\/v2\/posts\/26505","targetHints":{"allow":["GET"]}}],"collection":[{"href":"https:\/\/sertv.gob.pa\/crisolfm\/wp-json\/wp\/v2\/posts"}],"about":[{"href":"https:\/\/sertv.gob.pa\/crisolfm\/wp-json\/wp\/v2\/types\/post"}],"author":[{"embeddable":true,"href":"https:\/\/sertv.gob.pa\/crisolfm\/wp-json\/wp\/v2\/users\/64"}],"replies":[{"embeddable":true,"href":"https:\/\/sertv.gob.pa\/crisolfm\/wp-json\/wp\/v2\/comments?post=26505"}],"version-history":[{"count":1,"href":"https:\/\/sertv.gob.pa\/crisolfm\/wp-json\/wp\/v2\/posts\/26505\/revisions"}],"predecessor-version":[{"id":26507,"href":"https:\/\/sertv.gob.pa\/crisolfm\/wp-json\/wp\/v2\/posts\/26505\/revisions\/26507"}],"wp:featuredmedia":[{"embeddable":true,"href":"https:\/\/sertv.gob.pa\/crisolfm\/wp-json\/wp\/v2\/media\/26506"}],"wp:attachment":[{"href":"https:\/\/sertv.gob.pa\/crisolfm\/wp-json\/wp\/v2\/media?parent=26505"}],"wp:term":[{"taxonomy":"category","embeddable":true,"href":"https:\/\/sertv.gob.pa\/crisolfm\/wp-json\/wp\/v2\/categories?post=26505"},{"taxonomy":"post_tag","embeddable":true,"href":"https:\/\/sertv.gob.pa\/crisolfm\/wp-json\/wp\/v2\/tags?post=26505"}],"curies":[{"name":"wp","href":"https:\/\/api.w.org\/{rel}","templated":true}]}}