{"id":26508,"date":"2020-02-11T14:48:46","date_gmt":"2020-02-11T14:48:46","guid":{"rendered":"https:\/\/sertv.gob.pa\/crisolfm\/?p=26508"},"modified":"2020-02-11T14:48:46","modified_gmt":"2020-02-11T14:48:46","slug":"en-busca-del-sarcofago-del-faraon-micerinos-hundido-cerca-de-cartagena","status":"publish","type":"post","link":"https:\/\/sertv.gob.pa\/crisolfm\/en-busca-del-sarcofago-del-faraon-micerinos-hundido-cerca-de-cartagena\/","title":{"rendered":"En busca del sarc\u00f3fago del fara\u00f3n Micerinos, hundido cerca de Cartagena"},"content":{"rendered":"<p>Desapareci\u00f3 en 1838, cuando la goleta \u00abBeatrice\u00bb naufrag\u00f3 cerca de Cartagena. Era un sarc\u00f3fago de basalto, que hab\u00eda sido descubierto en la c\u00e1mara funeraria de su pir\u00e1mide. Pertenec\u00eda al <strong>fara\u00f3n Micerinos<\/strong>, e iba a ser enviado al Museo Brit\u00e1nico de Londres junto con otras piezas, pero todo se perdi\u00f3 por el camino. De esto hace casi doscientos a\u00f1os, y no se ha vuelto a saber de \u00e9l.<\/p>\n<p>Ahora, <strong>Zahi Hawass<\/strong>, arque\u00f3logo y exministro de Antig\u00fcedades de Egipto, ha informado a Efe de que ha empezado \u00abun importante proyecto\u00bb junto al Gobierno espa\u00f1ol para tratar de recuperar el sarc\u00f3fago. El proyecto, tal y como ha apuntado, incluye la formaci\u00f3n de una expedici\u00f3n submarina para buscarlo.<\/p>\n<p>El sarc\u00f3fago ya estaba vac\u00edo en 1838: no se va a encontrar momia ni tesoro alguno, pues la tumba de Micerinos \u2013la famosa tercera pir\u00e1mide de Guiza\u2013 hab\u00eda fue saqueada a conciencia.<\/p>\n<p>El sarc\u00f3fago de Micerinos \u2013que en realidad se llamaba Menkaura, pues Micerinos o Mikerinos es la forma helenizada del nombre y la que ha llegado hasta nuestros d\u00edas\u2013 fue descubierto por el arque\u00f3logo ingl\u00e9s <strong>Howard Vyse<\/strong>. \u00c9l, por cierto, us\u00f3 es el m\u00e9todo de dinamitar las entradas a la pir\u00e1mide de Micerinos, como ya hab\u00eda hecho en la de Keops, para no encontrar m\u00e1s que el sarc\u00f3fago vac\u00edo.<\/p>\n<p>Hawass, que lleva a\u00f1os detr\u00e1s de este proyecto, ha hecho estas declaraciones a la prensa durante una visita al<strong> Templo de Debod <\/strong>en Madrid, donde ha demandado una mayor protecci\u00f3n del mismo.<\/p>\n<p>Adem\u00e1s, ha anunciado que su equipo ha localizado en la parte occidental del <strong>Valle de los Reyes<\/strong>, en la ciudad monumental de <strong>Luxor<\/strong>, una estatua de<strong> Amenophis III<\/strong>.<\/p>\n<p>ABC Cultura<\/p>\n","protected":false},"excerpt":{"rendered":"<p>Desapareci\u00f3 en 1838, cuando la goleta \u00abBeatrice\u00bb naufrag\u00f3 cerca de <a href=\"https:\/\/sertv.gob.pa\/crisolfm\/en-busca-del-sarcofago-del-faraon-micerinos-hundido-cerca-de-cartagena\/\"> [&#8230;]<\/a><\/p>\n","protected":false},"author":64,"featured_media":26509,"comment_status":"closed","ping_status":"closed","sticky":false,"template":"","format":"standard","meta":{"footnotes":""},"categories":[6],"tags":[],"class_list":["post-26508","post","type-post","status-publish","format-standard","has-post-thumbnail","hentry","category-culturales"],"_links":{"self":[{"href":"https:\/\/sertv.gob.pa\/crisolfm\/wp-json\/wp\/v2\/posts\/26508","targetHints":{"allow":["GET"]}}],"collection":[{"href":"https:\/\/sertv.gob.pa\/crisolfm\/wp-json\/wp\/v2\/posts"}],"about":[{"href":"https:\/\/sertv.gob.pa\/crisolfm\/wp-json\/wp\/v2\/types\/post"}],"author":[{"embeddable":true,"href":"https:\/\/sertv.gob.pa\/crisolfm\/wp-json\/wp\/v2\/users\/64"}],"replies":[{"embeddable":true,"href":"https:\/\/sertv.gob.pa\/crisolfm\/wp-json\/wp\/v2\/comments?post=26508"}],"version-history":[{"count":1,"href":"https:\/\/sertv.gob.pa\/crisolfm\/wp-json\/wp\/v2\/posts\/26508\/revisions"}],"predecessor-version":[{"id":26510,"href":"https:\/\/sertv.gob.pa\/crisolfm\/wp-json\/wp\/v2\/posts\/26508\/revisions\/26510"}],"wp:featuredmedia":[{"embeddable":true,"href":"https:\/\/sertv.gob.pa\/crisolfm\/wp-json\/wp\/v2\/media\/26509"}],"wp:attachment":[{"href":"https:\/\/sertv.gob.pa\/crisolfm\/wp-json\/wp\/v2\/media?parent=26508"}],"wp:term":[{"taxonomy":"category","embeddable":true,"href":"https:\/\/sertv.gob.pa\/crisolfm\/wp-json\/wp\/v2\/categories?post=26508"},{"taxonomy":"post_tag","embeddable":true,"href":"https:\/\/sertv.gob.pa\/crisolfm\/wp-json\/wp\/v2\/tags?post=26508"}],"curies":[{"name":"wp","href":"https:\/\/api.w.org\/{rel}","templated":true}]}}