{"id":2652,"date":"2015-06-28T14:06:22","date_gmt":"2015-06-28T14:06:22","guid":{"rendered":""},"modified":"2015-06-28T14:06:22","modified_gmt":"2015-06-28T14:06:22","slug":"pablo-picasso-y-las-metamorfosis-de-ovidio","status":"publish","type":"post","link":"https:\/\/sertv.gob.pa\/crisolfm\/pablo-picasso-y-las-metamorfosis-de-ovidio\/","title":{"rendered":"Pablo Picasso y \u2018Las metamorfosis\u2019 de Ovidio"},"content":{"rendered":"<p>\nPablo Picasso recibi\u00f3 en 1930 del editor Albert Skira el encargo de ilustrar Las Metamorfosis de Ovidio, y una muestra inaugurada en la Casa Natal del artista malague\u00f1o pone en di\u00e1logo los 30 aguafuertes que cre\u00f3 con cinco siglos de arte en torno a la misma tem\u00e1tica. <\/p>\n<p>La muestra, que permanecer\u00e1 hasta el pr\u00f3ximo 4 de octubre, se nutre del ejemplar de este libro que constituye una de las grandes joyas de los fondos de la Fundaci\u00f3n Picasso y de vol\u00famenes editados a partir de 1526 pertenecientes a la Biblioteca Nacional de Espa\u00f1a. <\/p>\n<p>Cuando el comisario, \u00c1lvaro Molina, recibi\u00f3 la propuesta de elaborar esta exposici\u00f3n, la afront\u00f3 como &ldquo;un reto&rdquo; por el hecho de unir a Picasso con otros artistas en algunos casos tan distantes en el tiempo, afirm\u00f3. <\/p>\n","protected":false},"excerpt":{"rendered":"<p>Pablo Picasso recibi\u00f3 en 1930 del editor Albert Skira el <a href=\"https:\/\/sertv.gob.pa\/crisolfm\/pablo-picasso-y-las-metamorfosis-de-ovidio\/\"> [&#8230;]<\/a><\/p>\n","protected":false},"author":1,"featured_media":2653,"comment_status":"closed","ping_status":"closed","sticky":false,"template":"","format":"standard","meta":{"footnotes":""},"categories":[6],"tags":[],"class_list":["post-2652","post","type-post","status-publish","format-standard","has-post-thumbnail","hentry","category-culturales"],"_links":{"self":[{"href":"https:\/\/sertv.gob.pa\/crisolfm\/wp-json\/wp\/v2\/posts\/2652","targetHints":{"allow":["GET"]}}],"collection":[{"href":"https:\/\/sertv.gob.pa\/crisolfm\/wp-json\/wp\/v2\/posts"}],"about":[{"href":"https:\/\/sertv.gob.pa\/crisolfm\/wp-json\/wp\/v2\/types\/post"}],"author":[{"embeddable":true,"href":"https:\/\/sertv.gob.pa\/crisolfm\/wp-json\/wp\/v2\/users\/1"}],"replies":[{"embeddable":true,"href":"https:\/\/sertv.gob.pa\/crisolfm\/wp-json\/wp\/v2\/comments?post=2652"}],"version-history":[{"count":0,"href":"https:\/\/sertv.gob.pa\/crisolfm\/wp-json\/wp\/v2\/posts\/2652\/revisions"}],"wp:featuredmedia":[{"embeddable":true,"href":"https:\/\/sertv.gob.pa\/crisolfm\/wp-json\/wp\/v2\/media\/2653"}],"wp:attachment":[{"href":"https:\/\/sertv.gob.pa\/crisolfm\/wp-json\/wp\/v2\/media?parent=2652"}],"wp:term":[{"taxonomy":"category","embeddable":true,"href":"https:\/\/sertv.gob.pa\/crisolfm\/wp-json\/wp\/v2\/categories?post=2652"},{"taxonomy":"post_tag","embeddable":true,"href":"https:\/\/sertv.gob.pa\/crisolfm\/wp-json\/wp\/v2\/tags?post=2652"}],"curies":[{"name":"wp","href":"https:\/\/api.w.org\/{rel}","templated":true}]}}