{"id":26522,"date":"2020-02-12T13:56:50","date_gmt":"2020-02-12T13:56:50","guid":{"rendered":"https:\/\/sertv.gob.pa\/crisolfm\/?p=26522"},"modified":"2020-02-12T13:56:50","modified_gmt":"2020-02-12T13:56:50","slug":"total-ampliara-su-presencia-en-la-energia-solar-en-espana","status":"publish","type":"post","link":"https:\/\/sertv.gob.pa\/crisolfm\/total-ampliara-su-presencia-en-la-energia-solar-en-espana\/","title":{"rendered":"Total ampliar\u00e1 su presencia en la energ\u00eda solar en Espa\u00f1a"},"content":{"rendered":"<p>Total anunci\u00f3 el martes que ampliar\u00e1 su presencia en el mercado de la energ\u00eda solar en Espa\u00f1a a trav\u00e9s de una empresa conjunta y la adquisici\u00f3n de una cartera de proyectos por un total de dos gigavatios.\u00a0En concreto, Total adquirir\u00e1 una cartera de 1,2 GW de proyectos de la empresa espa\u00f1ola Solarbay y crear\u00e1 una empresa conjunta con la promotora de plantas solares Powertis para desarrollar 800 MW de proyectos fotovoltaicos en Espa\u00f1a.\u00a0Total poseer\u00e1 el 65% de esta empresa conjunta.<\/p>\n<p>\u00abEspa\u00f1a disfruta de unas condiciones de sol excepcionales en Europa. Su mercado solar fotovoltaico es uno de los m\u00e1s din\u00e1micos de Europa, con una capacidad que se espera que aumente de los 6 GW de hoy a casi 40 GW en 2030\u00bb, predice Julien Pouget, presidente de la rama de Energ\u00edas Renovables de Total, citado en el comunicado.<\/p>\n<p>Esta adquisici\u00f3n se inscribe en la estrategia de Total de desarrollar sus actividades en \u00abelectricidad de bajo carbono\u00bb, con el objetivo de que esta \u00faltima represente entre el 15% y el 20% de sus ventas en 2040.<\/p>\n<p>Actualmente, la capacidad de producci\u00f3n de electricidad de bajo carbono de Total en todo el mundo asciende a casi 7 gigavatios, incluyendo m\u00e1s de 3 GW de energ\u00edas renovables, se\u00f1ala el grupo.<\/p>\n<p>AFP<\/p>\n","protected":false},"excerpt":{"rendered":"<p>Total anunci\u00f3 el martes que ampliar\u00e1 su presencia en el <a href=\"https:\/\/sertv.gob.pa\/crisolfm\/total-ampliara-su-presencia-en-la-energia-solar-en-espana\/\"> [&#8230;]<\/a><\/p>\n","protected":false},"author":64,"featured_media":26524,"comment_status":"closed","ping_status":"closed","sticky":false,"template":"","format":"standard","meta":{"footnotes":""},"categories":[7],"tags":[],"class_list":["post-26522","post","type-post","status-publish","format-standard","has-post-thumbnail","hentry","category-ecologicas"],"_links":{"self":[{"href":"https:\/\/sertv.gob.pa\/crisolfm\/wp-json\/wp\/v2\/posts\/26522","targetHints":{"allow":["GET"]}}],"collection":[{"href":"https:\/\/sertv.gob.pa\/crisolfm\/wp-json\/wp\/v2\/posts"}],"about":[{"href":"https:\/\/sertv.gob.pa\/crisolfm\/wp-json\/wp\/v2\/types\/post"}],"author":[{"embeddable":true,"href":"https:\/\/sertv.gob.pa\/crisolfm\/wp-json\/wp\/v2\/users\/64"}],"replies":[{"embeddable":true,"href":"https:\/\/sertv.gob.pa\/crisolfm\/wp-json\/wp\/v2\/comments?post=26522"}],"version-history":[{"count":1,"href":"https:\/\/sertv.gob.pa\/crisolfm\/wp-json\/wp\/v2\/posts\/26522\/revisions"}],"predecessor-version":[{"id":26525,"href":"https:\/\/sertv.gob.pa\/crisolfm\/wp-json\/wp\/v2\/posts\/26522\/revisions\/26525"}],"wp:featuredmedia":[{"embeddable":true,"href":"https:\/\/sertv.gob.pa\/crisolfm\/wp-json\/wp\/v2\/media\/26524"}],"wp:attachment":[{"href":"https:\/\/sertv.gob.pa\/crisolfm\/wp-json\/wp\/v2\/media?parent=26522"}],"wp:term":[{"taxonomy":"category","embeddable":true,"href":"https:\/\/sertv.gob.pa\/crisolfm\/wp-json\/wp\/v2\/categories?post=26522"},{"taxonomy":"post_tag","embeddable":true,"href":"https:\/\/sertv.gob.pa\/crisolfm\/wp-json\/wp\/v2\/tags?post=26522"}],"curies":[{"name":"wp","href":"https:\/\/api.w.org\/{rel}","templated":true}]}}