{"id":26532,"date":"2020-02-12T14:37:05","date_gmt":"2020-02-12T14:37:05","guid":{"rendered":"https:\/\/sertv.gob.pa\/crisolfm\/?p=26532"},"modified":"2020-02-12T14:37:05","modified_gmt":"2020-02-12T14:37:05","slug":"inusual-nevada-en-bagdad-que-se-despierta-bajo-un-manto-blanco","status":"publish","type":"post","link":"https:\/\/sertv.gob.pa\/crisolfm\/inusual-nevada-en-bagdad-que-se-despierta-bajo-un-manto-blanco\/","title":{"rendered":"Inusual nevada en Bagdad, que se despierta bajo un manto blanco"},"content":{"rendered":"<p>Bagdad, la capital de Irak, se despert\u00f3 este martes bajo la nieve, un fen\u00f3meno rar\u00edsimo en este pa\u00eds de Medio Oriente m\u00e1s acostumbrado a los calores extremos y que solo vivi\u00f3 este fen\u00f3meno una vez en m\u00e1s de un siglo, en 2008.<\/p>\n<p>Hace 12 a\u00f1os, se trat\u00f3 de nieve derretida, mezclada con lluvia. Este martes, varios cent\u00edmetros de nieve cubrieron veh\u00edculos, aceras y palmeras de la capital.<\/p>\n<p>Tambi\u00e9n la ciudad santa de Kerbala, m\u00e1s al sur, amaneci\u00f3 con unos cent\u00edmetros de nieve, para gran regocijo de los ni\u00f1os, que comenzaron a hacer batallas de bolas de nieve.<\/p>\n<p>Seg\u00fan dijo a la AFP Amer\u00a0al Jaberi, director del centro meteorol\u00f3gico de Bagdad, esta ola de fr\u00edo procede del continente europeo.<\/p>\n<p>El norte iraqu\u00ed, monta\u00f1oso, est\u00e1 todos los a\u00f1os nevado e incluso se han abierto estaciones de esqu\u00ed en el Kurdist\u00e1n. Pero en el sur, donde la temperatura supera los 50 grados en verano, la nieve es rar\u00edsima.<\/p>\n<p>En Mosul, la gran ciudad del norte, la mezquita Al Nuri, &#8211;donde el califa autoproclamado del grupo Estado Isl\u00e1mico (EI) Abu Bakr al Bagdadi hizo su \u00fanica aparici\u00f3n p\u00fablica&#8211; estaba el martes bajo un manto de nieve, igual que los escombros de la Ciudad vieja, devastada por la guerra contra los yihadistas.<\/p>\n<p>Un tercio de los 40 millones de habitantes de Irak vive de la agricultura. El pa\u00eds suele sufrir sequ\u00edas cr\u00f3nicas.<\/p>\n<p>AFP<\/p>\n","protected":false},"excerpt":{"rendered":"<p>Bagdad, la capital de Irak, se despert\u00f3 este martes bajo <a href=\"https:\/\/sertv.gob.pa\/crisolfm\/inusual-nevada-en-bagdad-que-se-despierta-bajo-un-manto-blanco\/\"> [&#8230;]<\/a><\/p>\n","protected":false},"author":64,"featured_media":26533,"comment_status":"closed","ping_status":"closed","sticky":false,"template":"","format":"standard","meta":{"footnotes":""},"categories":[7],"tags":[],"class_list":["post-26532","post","type-post","status-publish","format-standard","has-post-thumbnail","hentry","category-ecologicas"],"_links":{"self":[{"href":"https:\/\/sertv.gob.pa\/crisolfm\/wp-json\/wp\/v2\/posts\/26532","targetHints":{"allow":["GET"]}}],"collection":[{"href":"https:\/\/sertv.gob.pa\/crisolfm\/wp-json\/wp\/v2\/posts"}],"about":[{"href":"https:\/\/sertv.gob.pa\/crisolfm\/wp-json\/wp\/v2\/types\/post"}],"author":[{"embeddable":true,"href":"https:\/\/sertv.gob.pa\/crisolfm\/wp-json\/wp\/v2\/users\/64"}],"replies":[{"embeddable":true,"href":"https:\/\/sertv.gob.pa\/crisolfm\/wp-json\/wp\/v2\/comments?post=26532"}],"version-history":[{"count":1,"href":"https:\/\/sertv.gob.pa\/crisolfm\/wp-json\/wp\/v2\/posts\/26532\/revisions"}],"predecessor-version":[{"id":26534,"href":"https:\/\/sertv.gob.pa\/crisolfm\/wp-json\/wp\/v2\/posts\/26532\/revisions\/26534"}],"wp:featuredmedia":[{"embeddable":true,"href":"https:\/\/sertv.gob.pa\/crisolfm\/wp-json\/wp\/v2\/media\/26533"}],"wp:attachment":[{"href":"https:\/\/sertv.gob.pa\/crisolfm\/wp-json\/wp\/v2\/media?parent=26532"}],"wp:term":[{"taxonomy":"category","embeddable":true,"href":"https:\/\/sertv.gob.pa\/crisolfm\/wp-json\/wp\/v2\/categories?post=26532"},{"taxonomy":"post_tag","embeddable":true,"href":"https:\/\/sertv.gob.pa\/crisolfm\/wp-json\/wp\/v2\/tags?post=26532"}],"curies":[{"name":"wp","href":"https:\/\/api.w.org\/{rel}","templated":true}]}}