{"id":26541,"date":"2020-02-12T14:57:48","date_gmt":"2020-02-12T14:57:48","guid":{"rendered":"https:\/\/sertv.gob.pa\/crisolfm\/?p=26541"},"modified":"2020-02-12T14:57:48","modified_gmt":"2020-02-12T14:57:48","slug":"el-cuadro-de-la-tienda-de-segunda-mano-que-ha-resultado-ser-un-van-gogh-de-15-millones-de-euros","status":"publish","type":"post","link":"https:\/\/sertv.gob.pa\/crisolfm\/el-cuadro-de-la-tienda-de-segunda-mano-que-ha-resultado-ser-un-van-gogh-de-15-millones-de-euros\/","title":{"rendered":"El cuadro de la tienda de segunda mano que ha resultado ser un Van Gogh de 15 millones de euros"},"content":{"rendered":"<p><strong>En 1929<\/strong>, John Holme pagaba parte de los servicios de la familia Holme con un cuadro, que termin\u00f3 almacenando en su <strong>buhardilla<\/strong> en Billington, Staffordshire (Reino Unido)<strong> durante d\u00e9cadas<\/strong>. All\u00ed permaneci\u00f3 hasta 1967, cuando lo vendieron en una <strong>subasta por 4,7 euros.<\/strong><\/p>\n<p>Poco despu\u00e9s, <strong>en 1968<\/strong> era adquirido por Luigi Grosso en una <strong>tienda de segunda mano <\/strong>del norte de Londres por 53 euros. Este trabajador de la BBC se percat\u00f3 de que la pintura iba <strong>firmada como \u00abVincent\u00bb<\/strong> y que pod\u00eda tratarse de un genuino <a href=\"https:\/\/www.abc.es\/cultura\/arte\/abci-confirmado-gogh-autorretrato-durante-internamiento-psiquiatrico-francia-202001201349_noticia.html\" target=\"_blank\" rel=\"noopener\">Van Gogh<\/a>.<\/p>\n<p>Este<strong> oscuro pasado<\/strong>, junto al hecho de la extra\u00f1a r\u00fabrica llevaron a descartar la posibilidad de que se tratase de una pieza aut\u00e9ntica. Sin embargo, una<strong> radiograf\u00eda<\/strong> desvel\u00f3 un <strong>boceto inicial <\/strong>debajo de la pintura de un<strong> hombre arando con bueyes<\/strong>, lo que un\u00eda esta obra a otra del artista y el Museo de Van Gogh en \u00c1msterdam confirm\u00f3 su autor\u00eda.<\/p>\n<p>\u00abCampesina frente a una granja\u00bb fue pintado por el artista cuando <strong>contaba con 33 a\u00f1os<\/strong>, en 1885,<strong> cuatro a\u00f1os antes de su <a href=\"https:\/\/www.abc.es\/cultura\/arte\/abci-muerte-van-gogh-201906181209_noticia.html\" target=\"_blank\" rel=\"noopener\">muerte<\/a><\/strong>. Se cree que el cuadro es una de las primeras obras de Van Gogh que salen la venta (el artista no comenz\u00f3 a pintar hasta los 27-28 y mor\u00eda<strong> con apenas 37 <\/strong>en 1890).<\/p>\n<p>En 1970, Grosso entreg\u00f3 la pintura a Sotheby\u2019s, que la vendi\u00f3 por poco m\u00e1s de <strong>100.000 euros <\/strong>en una subasta en Nueva York al productor de cine de Hollywood Joseph Levine. En 1983, Levine repiti\u00f3 el proceso y la misma casa lo subastaba por <strong>357.000 euros<\/strong>. Por \u00faltimo, en 2001 la obra pas\u00f3 a manos de su actual propietario por <strong>1.5 millones<\/strong>.<\/p>\n<p>Ahora, un marchante de arte ofrecer\u00e1 \u00abCampesina frente a una granja\u00bb como una de las piezas estrella de la subasta de European Fine Art Fair, que se <strong>celebrar\u00e1 en Maastricht<\/strong> el mes que viene en Holanda. El precio de salida est\u00e1 <strong>estimado en 15 millones de euros<\/strong>.<\/p>\n<p>ABC Cultura<\/p>\n","protected":false},"excerpt":{"rendered":"<p>En 1929, John Holme pagaba parte de los servicios de <a href=\"https:\/\/sertv.gob.pa\/crisolfm\/el-cuadro-de-la-tienda-de-segunda-mano-que-ha-resultado-ser-un-van-gogh-de-15-millones-de-euros\/\"> [&#8230;]<\/a><\/p>\n","protected":false},"author":64,"featured_media":26542,"comment_status":"closed","ping_status":"closed","sticky":false,"template":"","format":"standard","meta":{"footnotes":""},"categories":[6],"tags":[],"class_list":["post-26541","post","type-post","status-publish","format-standard","has-post-thumbnail","hentry","category-culturales"],"_links":{"self":[{"href":"https:\/\/sertv.gob.pa\/crisolfm\/wp-json\/wp\/v2\/posts\/26541","targetHints":{"allow":["GET"]}}],"collection":[{"href":"https:\/\/sertv.gob.pa\/crisolfm\/wp-json\/wp\/v2\/posts"}],"about":[{"href":"https:\/\/sertv.gob.pa\/crisolfm\/wp-json\/wp\/v2\/types\/post"}],"author":[{"embeddable":true,"href":"https:\/\/sertv.gob.pa\/crisolfm\/wp-json\/wp\/v2\/users\/64"}],"replies":[{"embeddable":true,"href":"https:\/\/sertv.gob.pa\/crisolfm\/wp-json\/wp\/v2\/comments?post=26541"}],"version-history":[{"count":1,"href":"https:\/\/sertv.gob.pa\/crisolfm\/wp-json\/wp\/v2\/posts\/26541\/revisions"}],"predecessor-version":[{"id":26543,"href":"https:\/\/sertv.gob.pa\/crisolfm\/wp-json\/wp\/v2\/posts\/26541\/revisions\/26543"}],"wp:featuredmedia":[{"embeddable":true,"href":"https:\/\/sertv.gob.pa\/crisolfm\/wp-json\/wp\/v2\/media\/26542"}],"wp:attachment":[{"href":"https:\/\/sertv.gob.pa\/crisolfm\/wp-json\/wp\/v2\/media?parent=26541"}],"wp:term":[{"taxonomy":"category","embeddable":true,"href":"https:\/\/sertv.gob.pa\/crisolfm\/wp-json\/wp\/v2\/categories?post=26541"},{"taxonomy":"post_tag","embeddable":true,"href":"https:\/\/sertv.gob.pa\/crisolfm\/wp-json\/wp\/v2\/tags?post=26541"}],"curies":[{"name":"wp","href":"https:\/\/api.w.org\/{rel}","templated":true}]}}