{"id":26547,"date":"2020-02-12T15:08:37","date_gmt":"2020-02-12T15:08:37","guid":{"rendered":"https:\/\/sertv.gob.pa\/crisolfm\/?p=26547"},"modified":"2020-02-12T15:08:37","modified_gmt":"2020-02-12T15:08:37","slug":"bulgaria-estalla-contra-una-injuriosa-exposicion-del-louvre-sobre-el-arte-durante-la-dominacion-otomana","status":"publish","type":"post","link":"https:\/\/sertv.gob.pa\/crisolfm\/bulgaria-estalla-contra-una-injuriosa-exposicion-del-louvre-sobre-el-arte-durante-la-dominacion-otomana\/","title":{"rendered":"Bulgaria estalla contra una \u00abinjuriosa\u00bb exposici\u00f3n del Louvre sobre el arte durante la dominaci\u00f3n otomana"},"content":{"rendered":"<p>El <a href=\"https:\/\/www.abc.es\/cultura\/arte\/abci-louvre-abrira-primera-puertas-noche-para-exposicion-vinci-202002091649_noticia.html\" target=\"_blank\" rel=\"noopener\">Louvre <\/a>tiene prevista para el segundo semestre de 2020 \u00ab<strong>Artes y culturas en Bulgaria<\/strong> (siglos XVI-XVIII)\u00bb. La exposici\u00f3n est\u00e1 compuesta de unos 60 objetos, como iconos, jarrones, manuscritos y joyas, creados durante la<strong> dominaci\u00f3n otomana del pa\u00eds <\/strong>(1396-1878). La reacci\u00f3n de la <strong>iglesia ortodoxa<\/strong>, a la que pertenece el 80 por ciento de la poblaci\u00f3n, no se ha hecho esperar y ha anunciado <strong>que se niega a prestar<\/strong> ciertos objetos a la muestra.<\/p>\n<p>El <strong>partido nacionalista VMRO<\/strong>, aliado del actual gobierno conservador, ha ido m\u00e1s all\u00e1 y ha calificado a la exposici\u00f3n del museo parisino de <strong>\u00abburla\u00bb<\/strong> y de<strong> \u00abinjuria\u00bb<\/strong>, ya que pone de relieve <strong>\u00abla influencia del islam en la cristiandad\u00bb<\/strong>.<\/p>\n<p>Poco despu\u00e9s, el <strong>ministerio de Cultura<\/strong> del pa\u00eds emit\u00eda un comunicado en el que considerab<strong>a deseable la anulaci\u00f3n<\/strong> de la exhibici\u00f3n \u00abvista la posici\u00f3n (&#8230;) de la Iglesia ortodoxa b\u00falgara y las <strong>reacciones de la opini\u00f3n p\u00fablica<\/strong>\u00bb.<\/p>\n<p>\u00abEs probable que la exposici\u00f3n sea<strong> cancelada o sustituida por otra<\/strong>\u00bb, ha se\u00f1alado una portavoz del Ministerio b\u00falgaro de Cultura, que a\u00f1ad\u00eda que estaban en conversaciones con el museo parisino, en las que tambi\u00e9n se baraja<strong> cancelar su participaci\u00f3n<\/strong>.<\/p>\n<p>\u00abLas influencias del islam sobre el cristianismo en Bulgaria <strong>son indirectas, espor\u00e1dicas y limitadas<\/strong>\u00bb y no pueden constituir el n\u00facleo de una exposici\u00f3n en el Louvre, ha afirmado hoy en la televisi\u00f3n bTV el historiador Emanouil Moutafov, un experto de la Academia B\u00falgara de Ciencias consultado por el Gobierno.<\/p>\n<p>La exhibici\u00f3n est\u00e1 prevista en el <strong>departamento de las artes del Islam<\/strong> del gran museo parisino, un <strong>marco<\/strong> que este historiador consider\u00f3<strong> inadecuado<\/strong>.<\/p>\n<p>ABC Cultura<\/p>\n","protected":false},"excerpt":{"rendered":"<p>El Louvre tiene prevista para el segundo semestre de 2020 <a href=\"https:\/\/sertv.gob.pa\/crisolfm\/bulgaria-estalla-contra-una-injuriosa-exposicion-del-louvre-sobre-el-arte-durante-la-dominacion-otomana\/\"> [&#8230;]<\/a><\/p>\n","protected":false},"author":64,"featured_media":26548,"comment_status":"closed","ping_status":"closed","sticky":false,"template":"","format":"standard","meta":{"footnotes":""},"categories":[6],"tags":[],"class_list":["post-26547","post","type-post","status-publish","format-standard","has-post-thumbnail","hentry","category-culturales"],"_links":{"self":[{"href":"https:\/\/sertv.gob.pa\/crisolfm\/wp-json\/wp\/v2\/posts\/26547","targetHints":{"allow":["GET"]}}],"collection":[{"href":"https:\/\/sertv.gob.pa\/crisolfm\/wp-json\/wp\/v2\/posts"}],"about":[{"href":"https:\/\/sertv.gob.pa\/crisolfm\/wp-json\/wp\/v2\/types\/post"}],"author":[{"embeddable":true,"href":"https:\/\/sertv.gob.pa\/crisolfm\/wp-json\/wp\/v2\/users\/64"}],"replies":[{"embeddable":true,"href":"https:\/\/sertv.gob.pa\/crisolfm\/wp-json\/wp\/v2\/comments?post=26547"}],"version-history":[{"count":1,"href":"https:\/\/sertv.gob.pa\/crisolfm\/wp-json\/wp\/v2\/posts\/26547\/revisions"}],"predecessor-version":[{"id":26549,"href":"https:\/\/sertv.gob.pa\/crisolfm\/wp-json\/wp\/v2\/posts\/26547\/revisions\/26549"}],"wp:featuredmedia":[{"embeddable":true,"href":"https:\/\/sertv.gob.pa\/crisolfm\/wp-json\/wp\/v2\/media\/26548"}],"wp:attachment":[{"href":"https:\/\/sertv.gob.pa\/crisolfm\/wp-json\/wp\/v2\/media?parent=26547"}],"wp:term":[{"taxonomy":"category","embeddable":true,"href":"https:\/\/sertv.gob.pa\/crisolfm\/wp-json\/wp\/v2\/categories?post=26547"},{"taxonomy":"post_tag","embeddable":true,"href":"https:\/\/sertv.gob.pa\/crisolfm\/wp-json\/wp\/v2\/tags?post=26547"}],"curies":[{"name":"wp","href":"https:\/\/api.w.org\/{rel}","templated":true}]}}