{"id":26551,"date":"2020-02-13T13:16:07","date_gmt":"2020-02-13T13:16:07","guid":{"rendered":"https:\/\/sertv.gob.pa\/crisolfm\/?p=26551"},"modified":"2020-02-13T13:16:07","modified_gmt":"2020-02-13T13:16:07","slug":"emiten-aviso-de-prevencion-por-indices-de-radiacion-ultravioleta-de-muy-altos-a-extremos","status":"publish","type":"post","link":"https:\/\/sertv.gob.pa\/crisolfm\/emiten-aviso-de-prevencion-por-indices-de-radiacion-ultravioleta-de-muy-altos-a-extremos\/","title":{"rendered":"Emiten aviso de prevenci\u00f3n por \u00edndices de radiaci\u00f3n ultravioleta de muy altos a extremos"},"content":{"rendered":"<p>Los \u00edndices de radiaci\u00f3n muy altos se registrar\u00e1n en Bocas del Toro, comarca Ng\u00e4be Bugl\u00e9, Veraguas norte y Costa Abajo de Col\u00f3n.<\/p>\n<p>Mientras que en la Costa abajo de Col\u00f3n, comarca Guna Yala, Dari\u00e9n, Panam\u00e1, Panam\u00e1 Oeste, Cocl\u00e9, Herrera, Los Santos, Veraguas (sur y centro), Chiriqu\u00ed y sectores mar\u00edtimos del Caribe y el Pac\u00edfico se esperan \u00edndices de radiaci\u00f3n extremos. La medida se mantendr\u00e1 desde el <strong>12 hasta el 14 de febrero.<\/strong><\/p>\n<p>El Sinaproc recomienda a la poblaci\u00f3n<strong> usar protectores solares y evitar la exposici\u00f3n al sol de 9:00 a.m. a\u00a05:00 p.m.<\/strong><\/p>\n<p>&nbsp;<\/p>\n","protected":false},"excerpt":{"rendered":"<p>Los \u00edndices de radiaci\u00f3n muy altos se registrar\u00e1n en Bocas <a href=\"https:\/\/sertv.gob.pa\/crisolfm\/emiten-aviso-de-prevencion-por-indices-de-radiacion-ultravioleta-de-muy-altos-a-extremos\/\"> [&#8230;]<\/a><\/p>\n","protected":false},"author":64,"featured_media":26552,"comment_status":"closed","ping_status":"closed","sticky":false,"template":"","format":"standard","meta":{"footnotes":""},"categories":[7],"tags":[],"class_list":["post-26551","post","type-post","status-publish","format-standard","has-post-thumbnail","hentry","category-ecologicas"],"_links":{"self":[{"href":"https:\/\/sertv.gob.pa\/crisolfm\/wp-json\/wp\/v2\/posts\/26551","targetHints":{"allow":["GET"]}}],"collection":[{"href":"https:\/\/sertv.gob.pa\/crisolfm\/wp-json\/wp\/v2\/posts"}],"about":[{"href":"https:\/\/sertv.gob.pa\/crisolfm\/wp-json\/wp\/v2\/types\/post"}],"author":[{"embeddable":true,"href":"https:\/\/sertv.gob.pa\/crisolfm\/wp-json\/wp\/v2\/users\/64"}],"replies":[{"embeddable":true,"href":"https:\/\/sertv.gob.pa\/crisolfm\/wp-json\/wp\/v2\/comments?post=26551"}],"version-history":[{"count":1,"href":"https:\/\/sertv.gob.pa\/crisolfm\/wp-json\/wp\/v2\/posts\/26551\/revisions"}],"predecessor-version":[{"id":26553,"href":"https:\/\/sertv.gob.pa\/crisolfm\/wp-json\/wp\/v2\/posts\/26551\/revisions\/26553"}],"wp:featuredmedia":[{"embeddable":true,"href":"https:\/\/sertv.gob.pa\/crisolfm\/wp-json\/wp\/v2\/media\/26552"}],"wp:attachment":[{"href":"https:\/\/sertv.gob.pa\/crisolfm\/wp-json\/wp\/v2\/media?parent=26551"}],"wp:term":[{"taxonomy":"category","embeddable":true,"href":"https:\/\/sertv.gob.pa\/crisolfm\/wp-json\/wp\/v2\/categories?post=26551"},{"taxonomy":"post_tag","embeddable":true,"href":"https:\/\/sertv.gob.pa\/crisolfm\/wp-json\/wp\/v2\/tags?post=26551"}],"curies":[{"name":"wp","href":"https:\/\/api.w.org\/{rel}","templated":true}]}}