{"id":26563,"date":"2020-02-13T14:04:45","date_gmt":"2020-02-13T14:04:45","guid":{"rendered":"https:\/\/sertv.gob.pa\/crisolfm\/?p=26563"},"modified":"2020-02-13T14:04:45","modified_gmt":"2020-02-13T14:04:45","slug":"penas-de-1-a-3-anos-de-prision-a-quienes-provoquen-incendios-de-masa-vegetal","status":"publish","type":"post","link":"https:\/\/sertv.gob.pa\/crisolfm\/penas-de-1-a-3-anos-de-prision-a-quienes-provoquen-incendios-de-masa-vegetal\/","title":{"rendered":"Penas de 1 a 3 a\u00f1os de prisi\u00f3n a quienes provoquen incendios de masa vegetal"},"content":{"rendered":"<p>El C\u00f3digo Penal, en su art\u00edculo 407, se\u00f1ala que se sancionar\u00e1 de <strong>uno a tres a\u00f1os de prisi\u00f3n o su equivalente en d\u00edas-multa o arresto de fines de semana a quien incendie masa vegetal.<\/strong><\/p>\n<p>La pena aumentar\u00e1 <strong>si se produce p\u00e9rdida de la fertilidad o desecaci\u00f3n del suelo<\/strong>, afecte una superficie mayor de cinco hect\u00e1reas y da\u00f1e significativamente la calidad de la vida vegetal.<\/p>\n<p>Igualmente se acrecentar\u00e1 cuando se act\u00fae para obtener beneficios econ\u00f3micos, se trate de zonas protegidas o de cuencas hidrogr\u00e1ficas. Sin embargo, la norma establece que <strong>no constituye delito la quema controlada y autorizada por la autoridad competente.<\/strong><\/p>\n<p>El mayor Jorge Carre\u00f1o, jefe nacional de Incendios de Masa Vegetal del Benem\u00e9rito Cuerpo de Bomberos de la Rep\u00fablica de Panam\u00e1 (BCBRP) revel\u00f3 que <strong>la mayor parte de los incendios de masa vegetal son provocados por la mano del hombre.<\/strong><\/p>\n<p>&nbsp;<\/p>\n","protected":false},"excerpt":{"rendered":"<p>El C\u00f3digo Penal, en su art\u00edculo 407, se\u00f1ala que se <a href=\"https:\/\/sertv.gob.pa\/crisolfm\/penas-de-1-a-3-anos-de-prision-a-quienes-provoquen-incendios-de-masa-vegetal\/\"> [&#8230;]<\/a><\/p>\n","protected":false},"author":64,"featured_media":26570,"comment_status":"closed","ping_status":"closed","sticky":false,"template":"","format":"standard","meta":{"footnotes":""},"categories":[7],"tags":[],"class_list":["post-26563","post","type-post","status-publish","format-standard","has-post-thumbnail","hentry","category-ecologicas"],"_links":{"self":[{"href":"https:\/\/sertv.gob.pa\/crisolfm\/wp-json\/wp\/v2\/posts\/26563","targetHints":{"allow":["GET"]}}],"collection":[{"href":"https:\/\/sertv.gob.pa\/crisolfm\/wp-json\/wp\/v2\/posts"}],"about":[{"href":"https:\/\/sertv.gob.pa\/crisolfm\/wp-json\/wp\/v2\/types\/post"}],"author":[{"embeddable":true,"href":"https:\/\/sertv.gob.pa\/crisolfm\/wp-json\/wp\/v2\/users\/64"}],"replies":[{"embeddable":true,"href":"https:\/\/sertv.gob.pa\/crisolfm\/wp-json\/wp\/v2\/comments?post=26563"}],"version-history":[{"count":1,"href":"https:\/\/sertv.gob.pa\/crisolfm\/wp-json\/wp\/v2\/posts\/26563\/revisions"}],"predecessor-version":[{"id":26571,"href":"https:\/\/sertv.gob.pa\/crisolfm\/wp-json\/wp\/v2\/posts\/26563\/revisions\/26571"}],"wp:featuredmedia":[{"embeddable":true,"href":"https:\/\/sertv.gob.pa\/crisolfm\/wp-json\/wp\/v2\/media\/26570"}],"wp:attachment":[{"href":"https:\/\/sertv.gob.pa\/crisolfm\/wp-json\/wp\/v2\/media?parent=26563"}],"wp:term":[{"taxonomy":"category","embeddable":true,"href":"https:\/\/sertv.gob.pa\/crisolfm\/wp-json\/wp\/v2\/categories?post=26563"},{"taxonomy":"post_tag","embeddable":true,"href":"https:\/\/sertv.gob.pa\/crisolfm\/wp-json\/wp\/v2\/tags?post=26563"}],"curies":[{"name":"wp","href":"https:\/\/api.w.org\/{rel}","templated":true}]}}