{"id":26586,"date":"2020-02-13T14:35:09","date_gmt":"2020-02-13T14:35:09","guid":{"rendered":"https:\/\/sertv.gob.pa\/crisolfm\/?p=26586"},"modified":"2020-02-13T14:35:09","modified_gmt":"2020-02-13T14:35:09","slug":"el-mont-blanc-victima-del-cambio-climatico-y-de-su-fama","status":"publish","type":"post","link":"https:\/\/sertv.gob.pa\/crisolfm\/el-mont-blanc-victima-del-cambio-climatico-y-de-su-fama\/","title":{"rendered":"El Mont Blanc, v\u00edctima del cambio clim\u00e1tico y de su fama"},"content":{"rendered":"<p>El Mont Blanc, v\u00edctima del cambio clim\u00e1tico como el resto de monta\u00f1as y glaciares de los Alpes, tambi\u00e9n est\u00e1 amenazado por los actos inc\u00edvicos e iniciativas extravagantes, denuncian los responsables locales quienes, sin embargo, no creen que el pico reciba un n\u00famero excesivo de alpinistas.<\/p>\n<p>El Mar de Hielo, en la vertiente septentrional del Mont Blanc, presenta un estado bastante lamentable, entre las rocas grises y el hielo desnudo.<\/p>\n<p>Precisamente a los pies de esa monta\u00f1a, la m\u00e1s alta de los Alpes y de Europa occidental, deb\u00eda acudir este mi\u00e9rcoles por la noche el presidente franc\u00e9s, Emmanuel Macron, para presentar una serie de medidas para impulsar la ecolog\u00eda y la biodiversidad.<\/p>\n<p>El Grupo Intergubernamental de Expertos sobre el Cambio Clim\u00e1tico (IPCC) confirm\u00f3 los temores en su \u00faltimo informe, en septiembre: los glaciares de baja altitud en los Alpes, pero tambi\u00e9n en el C\u00e1ucaso o en Escandinavia, podr\u00edan perder el 80% de su volumen para 2011 y muchos podr\u00edan desaparecer, incluso aunque se limite la subida de las temperaturas mundiales.<\/p>\n<p>Seg\u00fan la Escuela Polit\u00e9cnica de Z\u00farich, si no se reducen las emisiones de gases con efecto invernadero, los 4.000 glaciares alpinos podr\u00edan derretirse en m\u00e1s de un 90% para finales de siglo.<\/p>\n<p>AFP<\/p>\n","protected":false},"excerpt":{"rendered":"<p>El Mont Blanc, v\u00edctima del cambio clim\u00e1tico como el resto <a href=\"https:\/\/sertv.gob.pa\/crisolfm\/el-mont-blanc-victima-del-cambio-climatico-y-de-su-fama\/\"> [&#8230;]<\/a><\/p>\n","protected":false},"author":64,"featured_media":26588,"comment_status":"closed","ping_status":"closed","sticky":false,"template":"","format":"standard","meta":{"footnotes":""},"categories":[7],"tags":[],"class_list":["post-26586","post","type-post","status-publish","format-standard","has-post-thumbnail","hentry","category-ecologicas"],"_links":{"self":[{"href":"https:\/\/sertv.gob.pa\/crisolfm\/wp-json\/wp\/v2\/posts\/26586","targetHints":{"allow":["GET"]}}],"collection":[{"href":"https:\/\/sertv.gob.pa\/crisolfm\/wp-json\/wp\/v2\/posts"}],"about":[{"href":"https:\/\/sertv.gob.pa\/crisolfm\/wp-json\/wp\/v2\/types\/post"}],"author":[{"embeddable":true,"href":"https:\/\/sertv.gob.pa\/crisolfm\/wp-json\/wp\/v2\/users\/64"}],"replies":[{"embeddable":true,"href":"https:\/\/sertv.gob.pa\/crisolfm\/wp-json\/wp\/v2\/comments?post=26586"}],"version-history":[{"count":1,"href":"https:\/\/sertv.gob.pa\/crisolfm\/wp-json\/wp\/v2\/posts\/26586\/revisions"}],"predecessor-version":[{"id":26589,"href":"https:\/\/sertv.gob.pa\/crisolfm\/wp-json\/wp\/v2\/posts\/26586\/revisions\/26589"}],"wp:featuredmedia":[{"embeddable":true,"href":"https:\/\/sertv.gob.pa\/crisolfm\/wp-json\/wp\/v2\/media\/26588"}],"wp:attachment":[{"href":"https:\/\/sertv.gob.pa\/crisolfm\/wp-json\/wp\/v2\/media?parent=26586"}],"wp:term":[{"taxonomy":"category","embeddable":true,"href":"https:\/\/sertv.gob.pa\/crisolfm\/wp-json\/wp\/v2\/categories?post=26586"},{"taxonomy":"post_tag","embeddable":true,"href":"https:\/\/sertv.gob.pa\/crisolfm\/wp-json\/wp\/v2\/tags?post=26586"}],"curies":[{"name":"wp","href":"https:\/\/api.w.org\/{rel}","templated":true}]}}