{"id":26591,"date":"2020-02-13T14:41:30","date_gmt":"2020-02-13T14:41:30","guid":{"rendered":"https:\/\/sertv.gob.pa\/crisolfm\/?p=26591"},"modified":"2020-02-13T14:41:30","modified_gmt":"2020-02-13T14:41:30","slug":"la-casa-moet-hennessy-anuncia-que-dejara-de-usar-herbicidas-en-champana","status":"publish","type":"post","link":"https:\/\/sertv.gob.pa\/crisolfm\/la-casa-moet-hennessy-anuncia-que-dejara-de-usar-herbicidas-en-champana\/","title":{"rendered":"La casa Mo\u00ebt Hennessy anuncia que dejar\u00e1 de usar herbicidas en Champa\u00f1a"},"content":{"rendered":"<p>Mo\u00ebt Hennessy dejar\u00e1 de utilizar herbicidas en todos sus vi\u00f1edos de Champa\u00f1a \u00aba finales de 2020\u00bb y en 2021 en los de la regi\u00f3n de Co\u00f1ac, anunci\u00f3 su presidente, Philippe Schaus, durante el sal\u00f3n Wine Paris-Vinexpo.<\/p>\n<p>\u00abA finales de 2020, en Champa\u00f1a, abandonaremos completamente los herbicidas, y construiremos un nuevo centro de investigaci\u00f3n y desarrollo en Champa\u00f1a por valor de 20 millones de euros\u00bb, declar\u00f3 Schaus en una entrevista con la AFP.<\/p>\n<p>\u00abPara el co\u00f1ac, dejaremos [de usar herbicidas] un a\u00f1o despu\u00e9s\u00bb, precis\u00f3 el directivo, que reemplaz\u00f3 en 2017 a Christophe Navarre al frente de la filial de vinos y licores del grupo de lujo LVMH.<\/p>\n<p>\u00abSustituimos los herbicidas por el deshierbe mec\u00e1nico, gracias sobre todo a tractores el\u00e9ctricos y robots\u00bb, explic\u00f3.<\/p>\n<p>El grupo invirti\u00f3 en una docena de tractores zancudos el\u00e9ctricos del fabricante franc\u00e9s Kremer.<\/p>\n<p>De octubre a marzo, se deshierbar\u00e1 una parte de los vi\u00f1edos con pastoreo ecol\u00f3gico, con ovejas, precis\u00f3 Stanislas Milcent, director de investigaci\u00f3n y desarrollo en el sector del medio ambiente.<\/p>\n<p>AFP<\/p>\n<p>&nbsp;<\/p>\n","protected":false},"excerpt":{"rendered":"<p>Mo\u00ebt Hennessy dejar\u00e1 de utilizar herbicidas en todos sus vi\u00f1edos <a href=\"https:\/\/sertv.gob.pa\/crisolfm\/la-casa-moet-hennessy-anuncia-que-dejara-de-usar-herbicidas-en-champana\/\"> [&#8230;]<\/a><\/p>\n","protected":false},"author":64,"featured_media":26592,"comment_status":"closed","ping_status":"closed","sticky":false,"template":"","format":"standard","meta":{"footnotes":""},"categories":[7],"tags":[],"class_list":["post-26591","post","type-post","status-publish","format-standard","has-post-thumbnail","hentry","category-ecologicas"],"_links":{"self":[{"href":"https:\/\/sertv.gob.pa\/crisolfm\/wp-json\/wp\/v2\/posts\/26591","targetHints":{"allow":["GET"]}}],"collection":[{"href":"https:\/\/sertv.gob.pa\/crisolfm\/wp-json\/wp\/v2\/posts"}],"about":[{"href":"https:\/\/sertv.gob.pa\/crisolfm\/wp-json\/wp\/v2\/types\/post"}],"author":[{"embeddable":true,"href":"https:\/\/sertv.gob.pa\/crisolfm\/wp-json\/wp\/v2\/users\/64"}],"replies":[{"embeddable":true,"href":"https:\/\/sertv.gob.pa\/crisolfm\/wp-json\/wp\/v2\/comments?post=26591"}],"version-history":[{"count":1,"href":"https:\/\/sertv.gob.pa\/crisolfm\/wp-json\/wp\/v2\/posts\/26591\/revisions"}],"predecessor-version":[{"id":26593,"href":"https:\/\/sertv.gob.pa\/crisolfm\/wp-json\/wp\/v2\/posts\/26591\/revisions\/26593"}],"wp:featuredmedia":[{"embeddable":true,"href":"https:\/\/sertv.gob.pa\/crisolfm\/wp-json\/wp\/v2\/media\/26592"}],"wp:attachment":[{"href":"https:\/\/sertv.gob.pa\/crisolfm\/wp-json\/wp\/v2\/media?parent=26591"}],"wp:term":[{"taxonomy":"category","embeddable":true,"href":"https:\/\/sertv.gob.pa\/crisolfm\/wp-json\/wp\/v2\/categories?post=26591"},{"taxonomy":"post_tag","embeddable":true,"href":"https:\/\/sertv.gob.pa\/crisolfm\/wp-json\/wp\/v2\/tags?post=26591"}],"curies":[{"name":"wp","href":"https:\/\/api.w.org\/{rel}","templated":true}]}}