{"id":26597,"date":"2020-02-13T15:03:10","date_gmt":"2020-02-13T15:03:10","guid":{"rendered":"https:\/\/sertv.gob.pa\/crisolfm\/?p=26597"},"modified":"2020-02-13T15:03:10","modified_gmt":"2020-02-13T15:03:10","slug":"muere-a-los-91-anos-el-escritor-carlos-rojas","status":"publish","type":"post","link":"https:\/\/sertv.gob.pa\/crisolfm\/muere-a-los-91-anos-el-escritor-carlos-rojas\/","title":{"rendered":"Muere a los 91 a\u00f1os el escritor Carlos Rojas"},"content":{"rendered":"<p>El novelista catal\u00e1n <strong>Carlos Rojas <\/strong>(Barcelona, 1928) ha muerto\u00a0 en Greenville, Carolina del Sur, a los 91 a\u00f1os, ha informado la editorial Valpara\u00edso Ediciones este lunes en un comunicado. Rojas, autor de m\u00e1s de 20 novelas, obtuvo importantes reconocimientos como el Premio Nacional de Literatura (1968), el Premio Planeta (1973) y el Premio Nadal (1979).<\/p>\n<p>Doctor en Filosof\u00eda y Letras, Rojas, que fue lector de espa\u00f1ol en la Universidad de Glasgow (Escocia), lleg\u00f3 en 1957 a Estados Unidos, concretamente a Florida, donde fue profesor ayudante de espa\u00f1ol en el Rollins College.<\/p>\n<p>Carlos Rojas public\u00f3 su primera novela, \u00ab<strong>De barro y esperanza<\/strong>\u00bb, en 1957, y en 1959 gan\u00f3 el Premio Ciudad de Barcelona con &#8216;El asesino de C\u00e9sar&#8217;. En 1963, obtuvo el Premio Selecciones de Lengua Espa\u00f1ola con \u00ab<strong>La ternura del hombre invisible<\/strong>\u00bb; en 1968 el Nacional de Literatura con &#8216;Auto de Fe&#8217;; y en 1973 el Planeta con su novela \u00ab<strong>Aza\u00f1a<\/strong>\u00bb, un retrato del que fue presidente de la Rep\u00fablica espa\u00f1ola.<\/p>\n<p>Cuatro a\u00f1os m\u00e1s tarde logr\u00f3 el Ateneo de Sevilla con \u00ab<strong>Memorias in\u00e9ditas de Jos\u00e9 Antonio Primo de Rivera<\/strong>\u00bb, y en 1979 conquist\u00f3 el Premio Nadal con \u00abEl ingenioso hidalgo y poeta Federico Garc\u00eda Lorca asciende a los infiernos\u00bb, mientras que en 1984 gan\u00f3 tambi\u00e9n el premio Espejo de Espa\u00f1a con \u00abEl mundo m\u00edtico y m\u00e1gico de Picasso\u00bb.<\/p>\n<p>Despu\u00e9s publicar\u00eda \u00abEl jard\u00edn de las Hesp\u00e9rides\u00bb (novela, 1988), \u00abYo, Goya\u00bb (ensayo, 1990), \u00abProceso a Godoy\u00bb (novela hist\u00f3rica, 1992), \u00abAlfonso de Borb\u00f3n habla con el demonio\u00bb (novela, 1995) y \u00ab<strong>\u00a1Muera la inteligencia! \u00a1Viva la muerte!<\/strong>\u00bb (ensayo, 1995), \u00abLa vida y la \u00e9poca de Carlos IV\u00bb (novela hist\u00f3rica, 1999), \u00abPu\u00f1eta, la Espa\u00f1eta\u00bb (ensayo, 2000), \u00abMomentos estelares de la guerra de Espa\u00f1a\u00bb (ensayo, 2000), y \u00ab<strong>Diez crisis del franquismo<\/strong>\u00bb (ensayo, 2003).<\/p>\n<p>Su \u00faltima novela fue \u00abEl \u00faltimo rey sobre la tierra\u00bb, publicada por Valpara\u00edso Ediciones en 2016, donde Rojas recorre la Europa de entreguerras para mostrar la angustia de haber nacido en otro tiempo, el drama del olvido, el abandono y la muerte.<\/p>\n<p>ABC Cultura<\/p>\n","protected":false},"excerpt":{"rendered":"<p>El novelista catal\u00e1n Carlos Rojas (Barcelona, 1928) ha muerto\u00a0 en <a href=\"https:\/\/sertv.gob.pa\/crisolfm\/muere-a-los-91-anos-el-escritor-carlos-rojas\/\"> [&#8230;]<\/a><\/p>\n","protected":false},"author":64,"featured_media":26599,"comment_status":"closed","ping_status":"closed","sticky":false,"template":"","format":"standard","meta":{"footnotes":""},"categories":[6],"tags":[],"class_list":["post-26597","post","type-post","status-publish","format-standard","has-post-thumbnail","hentry","category-culturales"],"_links":{"self":[{"href":"https:\/\/sertv.gob.pa\/crisolfm\/wp-json\/wp\/v2\/posts\/26597","targetHints":{"allow":["GET"]}}],"collection":[{"href":"https:\/\/sertv.gob.pa\/crisolfm\/wp-json\/wp\/v2\/posts"}],"about":[{"href":"https:\/\/sertv.gob.pa\/crisolfm\/wp-json\/wp\/v2\/types\/post"}],"author":[{"embeddable":true,"href":"https:\/\/sertv.gob.pa\/crisolfm\/wp-json\/wp\/v2\/users\/64"}],"replies":[{"embeddable":true,"href":"https:\/\/sertv.gob.pa\/crisolfm\/wp-json\/wp\/v2\/comments?post=26597"}],"version-history":[{"count":1,"href":"https:\/\/sertv.gob.pa\/crisolfm\/wp-json\/wp\/v2\/posts\/26597\/revisions"}],"predecessor-version":[{"id":26600,"href":"https:\/\/sertv.gob.pa\/crisolfm\/wp-json\/wp\/v2\/posts\/26597\/revisions\/26600"}],"wp:featuredmedia":[{"embeddable":true,"href":"https:\/\/sertv.gob.pa\/crisolfm\/wp-json\/wp\/v2\/media\/26599"}],"wp:attachment":[{"href":"https:\/\/sertv.gob.pa\/crisolfm\/wp-json\/wp\/v2\/media?parent=26597"}],"wp:term":[{"taxonomy":"category","embeddable":true,"href":"https:\/\/sertv.gob.pa\/crisolfm\/wp-json\/wp\/v2\/categories?post=26597"},{"taxonomy":"post_tag","embeddable":true,"href":"https:\/\/sertv.gob.pa\/crisolfm\/wp-json\/wp\/v2\/tags?post=26597"}],"curies":[{"name":"wp","href":"https:\/\/api.w.org\/{rel}","templated":true}]}}