{"id":26627,"date":"2020-02-14T14:06:30","date_gmt":"2020-02-14T14:06:30","guid":{"rendered":"https:\/\/sertv.gob.pa\/crisolfm\/?p=26627"},"modified":"2020-02-14T14:06:30","modified_gmt":"2020-02-14T14:06:30","slug":"inicia-octava-edicion-del-micro-brew-fest-en-ciudad-del-saber","status":"publish","type":"post","link":"https:\/\/sertv.gob.pa\/crisolfm\/inicia-octava-edicion-del-micro-brew-fest-en-ciudad-del-saber\/","title":{"rendered":"Inicia octava edici\u00f3n del Micro Brew Fest en Ciudad del Saber"},"content":{"rendered":"<p>La octava edici\u00f3n del <strong>Micro Brew Fest <\/strong>se llevar\u00e1 a cabo este 14 y 15 de febrero en el Parque de Los Lagos de Ciudad del Saber, con unas 200 referencias de diferentes tipos de cervezas artesanales.<\/p>\n<p>Al contar con 37 puestos de cervezas artesanales de distintos pa\u00edses, la feria se perfila como una oportunidad propicia para este sector gastron\u00f3mico del pa\u00eds, adem\u00e1s de ofrecer a los visitantes una amplia oferta de comidas gourmet.<\/p>\n<p>Una de las novedades que trae esta edici\u00f3n es el cambio de sede, luego de muchos a\u00f1os de realizarse en el Centro Deportivo Kiwanis.<\/p>\n<p>El horario para hoy 14 de febrero ser\u00e1 de 6:00 p.m. a 2:00 a.m., y el 15 de febrero iniciar\u00e1 desde las 3:00 p.m. hasta las 2:00 a.m.<\/p>\n<p>Una de las actividades programadas en el marco del festival es el MBF Masterclass, organizado por el laboratorio latinoamericano de control de calidad y microbiolog\u00eda, Kathinka Labs. El tema a tratar ser\u00e1 la relaci\u00f3n entre la madera y la cerveza, que tendr\u00e1 el aporte de expositores nacionales e internacionales con el prop\u00f3sito de propiciar un intercambio de experiencias en el sector de la cerveza artesanal.<\/p>\n<p>Este certamen est\u00e1 abierto para que distintos fabricantes de cervezas artesanales puedan someter sus creaciones al veredicto de un panel conformado por 50 jueces locales y extranjeros de renombre y prestigio.<\/p>\n<p>&nbsp;<\/p>\n","protected":false},"excerpt":{"rendered":"<p>La octava edici\u00f3n del Micro Brew Fest se llevar\u00e1 a <a href=\"https:\/\/sertv.gob.pa\/crisolfm\/inicia-octava-edicion-del-micro-brew-fest-en-ciudad-del-saber\/\"> [&#8230;]<\/a><\/p>\n","protected":false},"author":64,"featured_media":26628,"comment_status":"closed","ping_status":"closed","sticky":false,"template":"","format":"standard","meta":{"footnotes":""},"categories":[6],"tags":[],"class_list":["post-26627","post","type-post","status-publish","format-standard","has-post-thumbnail","hentry","category-culturales"],"_links":{"self":[{"href":"https:\/\/sertv.gob.pa\/crisolfm\/wp-json\/wp\/v2\/posts\/26627","targetHints":{"allow":["GET"]}}],"collection":[{"href":"https:\/\/sertv.gob.pa\/crisolfm\/wp-json\/wp\/v2\/posts"}],"about":[{"href":"https:\/\/sertv.gob.pa\/crisolfm\/wp-json\/wp\/v2\/types\/post"}],"author":[{"embeddable":true,"href":"https:\/\/sertv.gob.pa\/crisolfm\/wp-json\/wp\/v2\/users\/64"}],"replies":[{"embeddable":true,"href":"https:\/\/sertv.gob.pa\/crisolfm\/wp-json\/wp\/v2\/comments?post=26627"}],"version-history":[{"count":1,"href":"https:\/\/sertv.gob.pa\/crisolfm\/wp-json\/wp\/v2\/posts\/26627\/revisions"}],"predecessor-version":[{"id":26629,"href":"https:\/\/sertv.gob.pa\/crisolfm\/wp-json\/wp\/v2\/posts\/26627\/revisions\/26629"}],"wp:featuredmedia":[{"embeddable":true,"href":"https:\/\/sertv.gob.pa\/crisolfm\/wp-json\/wp\/v2\/media\/26628"}],"wp:attachment":[{"href":"https:\/\/sertv.gob.pa\/crisolfm\/wp-json\/wp\/v2\/media?parent=26627"}],"wp:term":[{"taxonomy":"category","embeddable":true,"href":"https:\/\/sertv.gob.pa\/crisolfm\/wp-json\/wp\/v2\/categories?post=26627"},{"taxonomy":"post_tag","embeddable":true,"href":"https:\/\/sertv.gob.pa\/crisolfm\/wp-json\/wp\/v2\/tags?post=26627"}],"curies":[{"name":"wp","href":"https:\/\/api.w.org\/{rel}","templated":true}]}}