{"id":26633,"date":"2020-02-14T14:26:58","date_gmt":"2020-02-14T14:26:58","guid":{"rendered":"https:\/\/sertv.gob.pa\/crisolfm\/?p=26633"},"modified":"2020-02-14T14:26:58","modified_gmt":"2020-02-14T14:26:58","slug":"ultimo-adios-a-jose-pepe-burgos-un-gran-amante-de-la-cultura","status":"publish","type":"post","link":"https:\/\/sertv.gob.pa\/crisolfm\/ultimo-adios-a-jose-pepe-burgos-un-gran-amante-de-la-cultura\/","title":{"rendered":"\u00daltimo adi\u00f3s a Jos\u00e9 \u201cPepe\u201d Burgos, un gran amante de la cultura"},"content":{"rendered":"<p>Ayer, artistas y el pueblo sante\u00f1o despidieron a su gran amigo, el abogado y empresario Jos\u00e9 \u201cPepe\u201d Burgos, quien falleci\u00f3 tras su lucha con una enfermedad.<\/p>\n<p>La periodista Carmen Heredia Garc\u00eda, de Radio Reforma, quien tuvo la oportunidad de conocerlo, record\u00f3 que \u201cPepe\u201d Burgos y Olga De Le\u00f3n, solicitaron en la Asamblea Nacional que, la celebraci\u00f3n del 10 de noviembre no fuera movible y que no solo se celebrara en La Villa de Los Santos. Asegur\u00f3 que tuvo mucha comunicaci\u00f3n con el pueblo sante\u00f1o y siempre hac\u00eda las denuncias para ayudar a quienes lo necesitaran. Mientras, la cantante Karen Peralta, lo describe\u00a0como una persona muy proactiva y cooperadora en todo lo que representaba la cultura.<\/p>\n<p>&nbsp;<\/p>\n","protected":false},"excerpt":{"rendered":"<p>Ayer, artistas y el pueblo sante\u00f1o despidieron a su gran <a href=\"https:\/\/sertv.gob.pa\/crisolfm\/ultimo-adios-a-jose-pepe-burgos-un-gran-amante-de-la-cultura\/\"> [&#8230;]<\/a><\/p>\n","protected":false},"author":64,"featured_media":26634,"comment_status":"closed","ping_status":"closed","sticky":false,"template":"","format":"standard","meta":{"footnotes":""},"categories":[6],"tags":[],"class_list":["post-26633","post","type-post","status-publish","format-standard","has-post-thumbnail","hentry","category-culturales"],"_links":{"self":[{"href":"https:\/\/sertv.gob.pa\/crisolfm\/wp-json\/wp\/v2\/posts\/26633","targetHints":{"allow":["GET"]}}],"collection":[{"href":"https:\/\/sertv.gob.pa\/crisolfm\/wp-json\/wp\/v2\/posts"}],"about":[{"href":"https:\/\/sertv.gob.pa\/crisolfm\/wp-json\/wp\/v2\/types\/post"}],"author":[{"embeddable":true,"href":"https:\/\/sertv.gob.pa\/crisolfm\/wp-json\/wp\/v2\/users\/64"}],"replies":[{"embeddable":true,"href":"https:\/\/sertv.gob.pa\/crisolfm\/wp-json\/wp\/v2\/comments?post=26633"}],"version-history":[{"count":1,"href":"https:\/\/sertv.gob.pa\/crisolfm\/wp-json\/wp\/v2\/posts\/26633\/revisions"}],"predecessor-version":[{"id":26635,"href":"https:\/\/sertv.gob.pa\/crisolfm\/wp-json\/wp\/v2\/posts\/26633\/revisions\/26635"}],"wp:featuredmedia":[{"embeddable":true,"href":"https:\/\/sertv.gob.pa\/crisolfm\/wp-json\/wp\/v2\/media\/26634"}],"wp:attachment":[{"href":"https:\/\/sertv.gob.pa\/crisolfm\/wp-json\/wp\/v2\/media?parent=26633"}],"wp:term":[{"taxonomy":"category","embeddable":true,"href":"https:\/\/sertv.gob.pa\/crisolfm\/wp-json\/wp\/v2\/categories?post=26633"},{"taxonomy":"post_tag","embeddable":true,"href":"https:\/\/sertv.gob.pa\/crisolfm\/wp-json\/wp\/v2\/tags?post=26633"}],"curies":[{"name":"wp","href":"https:\/\/api.w.org\/{rel}","templated":true}]}}