{"id":26648,"date":"2020-02-14T15:03:15","date_gmt":"2020-02-14T15:03:15","guid":{"rendered":"https:\/\/sertv.gob.pa\/crisolfm\/?p=26648"},"modified":"2020-02-14T15:03:15","modified_gmt":"2020-02-14T15:03:15","slug":"se-organizan-protestas-para-que-se-prohiba-la-produccion-de-foie-gras","status":"publish","type":"post","link":"https:\/\/sertv.gob.pa\/crisolfm\/se-organizan-protestas-para-que-se-prohiba-la-produccion-de-foie-gras\/","title":{"rendered":"Se organizan protestas para que se proh\u00edba la producci\u00f3n de foie gras"},"content":{"rendered":"<p>La fundaci\u00f3n Igualdad Animal ha convocado una concentraci\u00f3n el s\u00e1bado a las 18 horas en la plaza del Callao de Madrid para reclamar al Gobierno central que tenga en cuenta las 50.000 firmas recogidas y proh\u00edba la producci\u00f3n de foie gras en Espa\u00f1a. Para esta organizaci\u00f3n animalista, dirigida por Silvia Barquero \u00ab<strong>el foie gras es tortura<\/strong>\u00ab. Adem\u00e1s, critican que Espa\u00f1a est\u00e9 entre los cinco \u00fanicos pa\u00edses de Europa en el que se siga produciendo este tipo de pat\u00e9 de h\u00edgado. Ha sido prohibida en 18 pa\u00edses y varias ciudades, una lista a la que se unido recientemente Nueva York.<\/p>\n<p>Seg\u00fan la petici\u00f3n de firma, dirigido a ministro de Agricultura, Pesca y Alimentaci\u00f3n, cada a\u00f1o m\u00e1s de 1.150.000 patos y gansos son sometidos a la alimentaci\u00f3n forzada en <strong>Espa\u00f1a para que sus h\u00edgados<\/strong> \u00abcrezcan hasta diez veces su tama\u00f1o normal y obtener foie gras, una pr\u00e1ctica que obliga a enfermar a los animales y supone una tortura para ellos\u00bb.<\/p>\n<p>Igualdad Animal ha documentado en sus investigaciones c\u00f3mo estas aves son alimentadas a la fuerza entre dos y tres veces al d\u00eda mediante un tubo de 30 cent\u00edmetros con el que depositan en sus est\u00f3magos hasta dos kilos de alimento al d\u00eda.<\/p>\n<p>\u00abEn el caso de una persona esto ser\u00eda equivalente a que ingiriese <strong>12 kilos de alimento en cada comida<\/strong>. Un maltrato extremo es incompatible con la vida. De hecho muchos no sobreviven a las dos semanas que dura aproximadamente la alimentaci\u00f3n forzada\u00bb, critican.<\/p>\n<p>Por todo ello, consideran que la pr\u00e1ctica de la alimentaci\u00f3n forzada \u00abno es propia de una sociedad evolucionada del siglo XXI\u00bb.<\/p>\n<p>ECOticias<\/p>\n","protected":false},"excerpt":{"rendered":"<p>La fundaci\u00f3n Igualdad Animal ha convocado una concentraci\u00f3n el s\u00e1bado <a href=\"https:\/\/sertv.gob.pa\/crisolfm\/se-organizan-protestas-para-que-se-prohiba-la-produccion-de-foie-gras\/\"> [&#8230;]<\/a><\/p>\n","protected":false},"author":64,"featured_media":26649,"comment_status":"closed","ping_status":"closed","sticky":false,"template":"","format":"standard","meta":{"footnotes":""},"categories":[7],"tags":[],"class_list":["post-26648","post","type-post","status-publish","format-standard","has-post-thumbnail","hentry","category-ecologicas"],"_links":{"self":[{"href":"https:\/\/sertv.gob.pa\/crisolfm\/wp-json\/wp\/v2\/posts\/26648","targetHints":{"allow":["GET"]}}],"collection":[{"href":"https:\/\/sertv.gob.pa\/crisolfm\/wp-json\/wp\/v2\/posts"}],"about":[{"href":"https:\/\/sertv.gob.pa\/crisolfm\/wp-json\/wp\/v2\/types\/post"}],"author":[{"embeddable":true,"href":"https:\/\/sertv.gob.pa\/crisolfm\/wp-json\/wp\/v2\/users\/64"}],"replies":[{"embeddable":true,"href":"https:\/\/sertv.gob.pa\/crisolfm\/wp-json\/wp\/v2\/comments?post=26648"}],"version-history":[{"count":1,"href":"https:\/\/sertv.gob.pa\/crisolfm\/wp-json\/wp\/v2\/posts\/26648\/revisions"}],"predecessor-version":[{"id":26650,"href":"https:\/\/sertv.gob.pa\/crisolfm\/wp-json\/wp\/v2\/posts\/26648\/revisions\/26650"}],"wp:featuredmedia":[{"embeddable":true,"href":"https:\/\/sertv.gob.pa\/crisolfm\/wp-json\/wp\/v2\/media\/26649"}],"wp:attachment":[{"href":"https:\/\/sertv.gob.pa\/crisolfm\/wp-json\/wp\/v2\/media?parent=26648"}],"wp:term":[{"taxonomy":"category","embeddable":true,"href":"https:\/\/sertv.gob.pa\/crisolfm\/wp-json\/wp\/v2\/categories?post=26648"},{"taxonomy":"post_tag","embeddable":true,"href":"https:\/\/sertv.gob.pa\/crisolfm\/wp-json\/wp\/v2\/tags?post=26648"}],"curies":[{"name":"wp","href":"https:\/\/api.w.org\/{rel}","templated":true}]}}