{"id":26651,"date":"2020-02-14T15:23:06","date_gmt":"2020-02-14T15:23:06","guid":{"rendered":"https:\/\/sertv.gob.pa\/crisolfm\/?p=26651"},"modified":"2020-02-14T15:23:06","modified_gmt":"2020-02-14T15:23:06","slug":"paris-saca-a-relucir-al-rodin-mas-erotico-para-celebrar-san-valentin","status":"publish","type":"post","link":"https:\/\/sertv.gob.pa\/crisolfm\/paris-saca-a-relucir-al-rodin-mas-erotico-para-celebrar-san-valentin\/","title":{"rendered":"Par\u00eds saca a relucir al Rodin m\u00e1s er\u00f3tico para celebrar San Valent\u00edn"},"content":{"rendered":"<p>Par\u00eds celebra <strong>San Valent\u00edn <\/strong>en el Museo Rodin con una \u00abSoir\u00e9e Love\u00bb (Velada amorosa), consagrada a \u00abcelebrar\u00bb, hasta la medianoche, los dibujos, la escultura y los escritos muy \u00edntimos de uno de los grandes patriarcas de la escultura moderna, <strong>Auguste Rodin <\/strong>(1840-1917), consagrados al erotismo m\u00e1s carnal.<\/p>\n<p>La <strong>huella er\u00f3tica <\/strong>en la obra de Rodin es bien conocida y est\u00e1 razonablemente bien estudiada, desde muy pronto.<\/p>\n<p>El mismo museo ha consagrado sucesivas exposiciones tem\u00e1ticas a ese tema central en la obra del creador. La idea de \u00abcelebrar\u00bb San Valent\u00edn volviendo a esa faceta mucho m\u00e1s que \u00edntima de Rodin pretende ser un acontecimiento destinado al gran p\u00fablico nacional e internacional de paso por Par\u00eds.<\/p>\n<p>La velada er\u00f3tico\/amorosa que propone el <strong>Museo Rodin <\/strong>comienza, claro est\u00e1, con \u00ab<strong>El beso<\/strong>\u00bb, una escultura de gran formato, conocida, apreciada y siempre admirada.<\/p>\n<p>Tras esa introducci\u00f3n, la celebraci\u00f3n de San Valent\u00edn continuar\u00e1 glosando, a trav\u00e9s del recuerdo, las obras sensuales directa o indirectamente relacionadas con el gran amor mejor conocido de Rodin, <strong>Camille Claudel<\/strong>. Los dos grandes artistas tuvieron una relaci\u00f3n sentimental y sensual muy profunda.<\/p>\n<p>Se suele afirmar que \u00ab<strong>La Eterna Primavera<\/strong>\u00bb de Rodin est\u00e1 \u00abinspirada\u00bb en su relaci\u00f3n pasional con Camille Claudel, a quien consagr\u00f3 otras obras de importancia diversa, siempre relacionadas con la revelaci\u00f3n, admiraci\u00f3n y exaltaci\u00f3n de la intimidad femenina. La relaci\u00f3n Claudel\/Rodin termin\u00f3 mal, con varias <strong>tragedias<\/strong>, devastadoras, para ella.<\/p>\n<p>ABC Cultura<\/p>\n","protected":false},"excerpt":{"rendered":"<p>Par\u00eds celebra San Valent\u00edn en el Museo Rodin con una <a href=\"https:\/\/sertv.gob.pa\/crisolfm\/paris-saca-a-relucir-al-rodin-mas-erotico-para-celebrar-san-valentin\/\"> [&#8230;]<\/a><\/p>\n","protected":false},"author":64,"featured_media":26652,"comment_status":"closed","ping_status":"closed","sticky":false,"template":"","format":"standard","meta":{"footnotes":""},"categories":[6],"tags":[],"class_list":["post-26651","post","type-post","status-publish","format-standard","has-post-thumbnail","hentry","category-culturales"],"_links":{"self":[{"href":"https:\/\/sertv.gob.pa\/crisolfm\/wp-json\/wp\/v2\/posts\/26651","targetHints":{"allow":["GET"]}}],"collection":[{"href":"https:\/\/sertv.gob.pa\/crisolfm\/wp-json\/wp\/v2\/posts"}],"about":[{"href":"https:\/\/sertv.gob.pa\/crisolfm\/wp-json\/wp\/v2\/types\/post"}],"author":[{"embeddable":true,"href":"https:\/\/sertv.gob.pa\/crisolfm\/wp-json\/wp\/v2\/users\/64"}],"replies":[{"embeddable":true,"href":"https:\/\/sertv.gob.pa\/crisolfm\/wp-json\/wp\/v2\/comments?post=26651"}],"version-history":[{"count":1,"href":"https:\/\/sertv.gob.pa\/crisolfm\/wp-json\/wp\/v2\/posts\/26651\/revisions"}],"predecessor-version":[{"id":26653,"href":"https:\/\/sertv.gob.pa\/crisolfm\/wp-json\/wp\/v2\/posts\/26651\/revisions\/26653"}],"wp:featuredmedia":[{"embeddable":true,"href":"https:\/\/sertv.gob.pa\/crisolfm\/wp-json\/wp\/v2\/media\/26652"}],"wp:attachment":[{"href":"https:\/\/sertv.gob.pa\/crisolfm\/wp-json\/wp\/v2\/media?parent=26651"}],"wp:term":[{"taxonomy":"category","embeddable":true,"href":"https:\/\/sertv.gob.pa\/crisolfm\/wp-json\/wp\/v2\/categories?post=26651"},{"taxonomy":"post_tag","embeddable":true,"href":"https:\/\/sertv.gob.pa\/crisolfm\/wp-json\/wp\/v2\/tags?post=26651"}],"curies":[{"name":"wp","href":"https:\/\/api.w.org\/{rel}","templated":true}]}}