{"id":26663,"date":"2020-02-17T13:38:19","date_gmt":"2020-02-17T13:38:19","guid":{"rendered":"https:\/\/sertv.gob.pa\/crisolfm\/?p=26663"},"modified":"2020-02-17T13:38:19","modified_gmt":"2020-02-17T13:38:19","slug":"muere-gestor-cultural-terence-terry-ford-a-los-87-anos","status":"publish","type":"post","link":"https:\/\/sertv.gob.pa\/crisolfm\/muere-gestor-cultural-terence-terry-ford-a-los-87-anos\/","title":{"rendered":"Muere gestor cultural Terence \u201cTerry\u201d Ford a los 87 a\u00f1os"},"content":{"rendered":"<p>Es dif\u00edcil encontrar un joven m\u00fasico que no destaque lo importante que fue para su formaci\u00f3n inicial, participar en los campamentos musicales de la <a href=\"https:\/\/www.prensa.com\/tema\/asociaci-n-nacional-de-conciertos\/\" target=\"_blank\" rel=\"noopener\">Asociaci\u00f3n Nacional de Conciertos, <\/a>que se desarrollaron durante 34 a\u00f1os gracias al empe\u00f1o de <strong>Terence \u201cTerry\u201d Ford<\/strong>.<\/p>\n<p>Fundador de la iniciativa en 1986 en calidad de director del colectivo cultural, Ford falleci\u00f3 el pasado 15 de febrero, confirm\u00f3 Rafael Moscarella, presidente de la Asociaci\u00f3n Nacional de Conciertos, que suspendi\u00f3 sus labores a finales de 2019 debido a la falta de fondos. Ford ten\u00eda 87 a\u00f1os.<\/p>\n<p>En los recientes a\u00f1os, Ford no dirig\u00eda la entidad, pero se manten\u00eda estrechamente vinculado cada verano con la organizaci\u00f3n y desarrollo del campamento juvenil, por el que pasaron m\u00fasicos que hoy forman parte de la Orquesta Sinf\u00f3nica Nacional o que se encuentran radicados en el extranjero.<\/p>\n<p>Meses antes de la llegada de las vacaciones escolares, se efectuaban convocatorias y audiciones para seleccionar los campistas. Los j\u00f3venes (entre 100 y 150) recib\u00edan formaci\u00f3n de docentes nacionales e invitados del Conservatorio de Oberlin, entidad con la que mantuvieron un intercambio cultural por casi 25 a\u00f1os.<\/p>\n<p>&nbsp;<\/p>\n","protected":false},"excerpt":{"rendered":"<p>Es dif\u00edcil encontrar un joven m\u00fasico que no destaque lo <a href=\"https:\/\/sertv.gob.pa\/crisolfm\/muere-gestor-cultural-terence-terry-ford-a-los-87-anos\/\"> [&#8230;]<\/a><\/p>\n","protected":false},"author":64,"featured_media":26664,"comment_status":"closed","ping_status":"closed","sticky":false,"template":"","format":"standard","meta":{"footnotes":""},"categories":[6],"tags":[],"class_list":["post-26663","post","type-post","status-publish","format-standard","has-post-thumbnail","hentry","category-culturales"],"_links":{"self":[{"href":"https:\/\/sertv.gob.pa\/crisolfm\/wp-json\/wp\/v2\/posts\/26663","targetHints":{"allow":["GET"]}}],"collection":[{"href":"https:\/\/sertv.gob.pa\/crisolfm\/wp-json\/wp\/v2\/posts"}],"about":[{"href":"https:\/\/sertv.gob.pa\/crisolfm\/wp-json\/wp\/v2\/types\/post"}],"author":[{"embeddable":true,"href":"https:\/\/sertv.gob.pa\/crisolfm\/wp-json\/wp\/v2\/users\/64"}],"replies":[{"embeddable":true,"href":"https:\/\/sertv.gob.pa\/crisolfm\/wp-json\/wp\/v2\/comments?post=26663"}],"version-history":[{"count":1,"href":"https:\/\/sertv.gob.pa\/crisolfm\/wp-json\/wp\/v2\/posts\/26663\/revisions"}],"predecessor-version":[{"id":26665,"href":"https:\/\/sertv.gob.pa\/crisolfm\/wp-json\/wp\/v2\/posts\/26663\/revisions\/26665"}],"wp:featuredmedia":[{"embeddable":true,"href":"https:\/\/sertv.gob.pa\/crisolfm\/wp-json\/wp\/v2\/media\/26664"}],"wp:attachment":[{"href":"https:\/\/sertv.gob.pa\/crisolfm\/wp-json\/wp\/v2\/media?parent=26663"}],"wp:term":[{"taxonomy":"category","embeddable":true,"href":"https:\/\/sertv.gob.pa\/crisolfm\/wp-json\/wp\/v2\/categories?post=26663"},{"taxonomy":"post_tag","embeddable":true,"href":"https:\/\/sertv.gob.pa\/crisolfm\/wp-json\/wp\/v2\/tags?post=26663"}],"curies":[{"name":"wp","href":"https:\/\/api.w.org\/{rel}","templated":true}]}}