{"id":26666,"date":"2020-02-17T13:47:06","date_gmt":"2020-02-17T13:47:06","guid":{"rendered":"https:\/\/sertv.gob.pa\/crisolfm\/?p=26666"},"modified":"2020-02-17T13:47:06","modified_gmt":"2020-02-17T13:47:06","slug":"miambiente-rescata-en-pedasi-a-un-cocodrilo-aguja","status":"publish","type":"post","link":"https:\/\/sertv.gob.pa\/crisolfm\/miambiente-rescata-en-pedasi-a-un-cocodrilo-aguja\/","title":{"rendered":"Miambiente rescata en Pedas\u00ed a un cocodrilo aguja"},"content":{"rendered":"<p><strong>El Ministerio de Ambiente (Miambiente) <\/strong>en Los Santos confirm\u00f3 este domingo 16 de febrero el rescate de un cocodrilo aguja, que fue atado a una cuerda de alambre en el sector de Los Destiladeros, en el distrito de Pedas\u00ed.<\/p>\n<p>Alexis Rivera, bi\u00f3logo de MiAmbiente en esa regi\u00f3n, manifest\u00f3 que fueron alertados de que un cocodrilo aguja macho hab\u00eda sido capturado con anzuelo en esa zona. Rivera agreg\u00f3 que el animal, que pertenece a una de las especies en riesgo de extinci\u00f3n en la regi\u00f3n de Azuero, lo dejaron a su suerte atado con una cuerda de alambre a un \u00e1rbol.<\/p>\n<p>Fue rescatado, adem\u00e1s se le quit\u00f3 la cuerda y luego trasladado al Refugio de Vida Silvestre Pablo Barrios, de Pedas\u00ed.<\/p>\n<p>En lo que va del a\u00f1o se han rescatado unos 13 animales entre pelicanos, boas y zarig\u00fceyas. \u201cA la vez estamos d\u00e1ndole seguimiento a los incidentes de la muerte de los monos\u201d, expres\u00f3 Rivera.<\/p>\n<p>&nbsp;<\/p>\n","protected":false},"excerpt":{"rendered":"<p>El Ministerio de Ambiente (Miambiente) en Los Santos confirm\u00f3 este <a href=\"https:\/\/sertv.gob.pa\/crisolfm\/miambiente-rescata-en-pedasi-a-un-cocodrilo-aguja\/\"> [&#8230;]<\/a><\/p>\n","protected":false},"author":64,"featured_media":26667,"comment_status":"closed","ping_status":"closed","sticky":false,"template":"","format":"standard","meta":{"footnotes":""},"categories":[7],"tags":[],"class_list":["post-26666","post","type-post","status-publish","format-standard","has-post-thumbnail","hentry","category-ecologicas"],"_links":{"self":[{"href":"https:\/\/sertv.gob.pa\/crisolfm\/wp-json\/wp\/v2\/posts\/26666","targetHints":{"allow":["GET"]}}],"collection":[{"href":"https:\/\/sertv.gob.pa\/crisolfm\/wp-json\/wp\/v2\/posts"}],"about":[{"href":"https:\/\/sertv.gob.pa\/crisolfm\/wp-json\/wp\/v2\/types\/post"}],"author":[{"embeddable":true,"href":"https:\/\/sertv.gob.pa\/crisolfm\/wp-json\/wp\/v2\/users\/64"}],"replies":[{"embeddable":true,"href":"https:\/\/sertv.gob.pa\/crisolfm\/wp-json\/wp\/v2\/comments?post=26666"}],"version-history":[{"count":1,"href":"https:\/\/sertv.gob.pa\/crisolfm\/wp-json\/wp\/v2\/posts\/26666\/revisions"}],"predecessor-version":[{"id":26668,"href":"https:\/\/sertv.gob.pa\/crisolfm\/wp-json\/wp\/v2\/posts\/26666\/revisions\/26668"}],"wp:featuredmedia":[{"embeddable":true,"href":"https:\/\/sertv.gob.pa\/crisolfm\/wp-json\/wp\/v2\/media\/26667"}],"wp:attachment":[{"href":"https:\/\/sertv.gob.pa\/crisolfm\/wp-json\/wp\/v2\/media?parent=26666"}],"wp:term":[{"taxonomy":"category","embeddable":true,"href":"https:\/\/sertv.gob.pa\/crisolfm\/wp-json\/wp\/v2\/categories?post=26666"},{"taxonomy":"post_tag","embeddable":true,"href":"https:\/\/sertv.gob.pa\/crisolfm\/wp-json\/wp\/v2\/tags?post=26666"}],"curies":[{"name":"wp","href":"https:\/\/api.w.org\/{rel}","templated":true}]}}