{"id":26669,"date":"2020-02-17T13:56:50","date_gmt":"2020-02-17T13:56:50","guid":{"rendered":"https:\/\/sertv.gob.pa\/crisolfm\/?p=26669"},"modified":"2020-02-17T13:56:50","modified_gmt":"2020-02-17T13:56:50","slug":"el-teatro-celebra-premios-escena-2020-presentara-sus-nominaciones","status":"publish","type":"post","link":"https:\/\/sertv.gob.pa\/crisolfm\/el-teatro-celebra-premios-escena-2020-presentara-sus-nominaciones\/","title":{"rendered":"El teatro celebra: Premios Escena 2020 presentar\u00e1 sus nominaciones"},"content":{"rendered":"<p>Este lunes se realizar\u00e1 la Noche de Nominados de la XXIII entrega de los Premios Escena a lo mejor del Teatro en Panam\u00e1 en 2019, un evento posible gracias al apoyo del gremio de teatristas de la mano de\u00a0Luis Gustavo Mac\u00edas, presidente de la Fundaci\u00f3n Premios Escena y\u00a0Carlos Quintana, vicepresidente y director art\u00edstico de la ceremonia de entrega.<\/p>\n<p>En 2019, un total de 87 obras fueron inscritas, superando a los a\u00f1os anteriores.<\/p>\n<p>Los Premios Escena nacieron en 1996 bajo el liderazgo de Pablo Salas y F\u00e9lix G\u00f3mez, movilizados por el inter\u00e9s de crear un reconocimiento al esfuerzo de la comunidad teatral de Panam\u00e1 y por la insistencia de Edgar S\u00e1nchez Romero, quien los anim\u00f3 a iniciar el proyecto.<\/p>\n<p>La primera ceremonia se realiz\u00f3 en el Sal\u00f3n Belvedere del Hotel Plaza Paitilla Inn, un 16 de abril de 1997.<\/p>\n<p>Hoy la cita cultural ser\u00e1 en el Hotel Marriot, a las 7:00 p.m.<\/p>\n<p>&nbsp;<\/p>\n","protected":false},"excerpt":{"rendered":"<p>Este lunes se realizar\u00e1 la Noche de Nominados de la <a href=\"https:\/\/sertv.gob.pa\/crisolfm\/el-teatro-celebra-premios-escena-2020-presentara-sus-nominaciones\/\"> [&#8230;]<\/a><\/p>\n","protected":false},"author":64,"featured_media":26670,"comment_status":"closed","ping_status":"closed","sticky":false,"template":"","format":"standard","meta":{"footnotes":""},"categories":[6],"tags":[],"class_list":["post-26669","post","type-post","status-publish","format-standard","has-post-thumbnail","hentry","category-culturales"],"_links":{"self":[{"href":"https:\/\/sertv.gob.pa\/crisolfm\/wp-json\/wp\/v2\/posts\/26669","targetHints":{"allow":["GET"]}}],"collection":[{"href":"https:\/\/sertv.gob.pa\/crisolfm\/wp-json\/wp\/v2\/posts"}],"about":[{"href":"https:\/\/sertv.gob.pa\/crisolfm\/wp-json\/wp\/v2\/types\/post"}],"author":[{"embeddable":true,"href":"https:\/\/sertv.gob.pa\/crisolfm\/wp-json\/wp\/v2\/users\/64"}],"replies":[{"embeddable":true,"href":"https:\/\/sertv.gob.pa\/crisolfm\/wp-json\/wp\/v2\/comments?post=26669"}],"version-history":[{"count":1,"href":"https:\/\/sertv.gob.pa\/crisolfm\/wp-json\/wp\/v2\/posts\/26669\/revisions"}],"predecessor-version":[{"id":26671,"href":"https:\/\/sertv.gob.pa\/crisolfm\/wp-json\/wp\/v2\/posts\/26669\/revisions\/26671"}],"wp:featuredmedia":[{"embeddable":true,"href":"https:\/\/sertv.gob.pa\/crisolfm\/wp-json\/wp\/v2\/media\/26670"}],"wp:attachment":[{"href":"https:\/\/sertv.gob.pa\/crisolfm\/wp-json\/wp\/v2\/media?parent=26669"}],"wp:term":[{"taxonomy":"category","embeddable":true,"href":"https:\/\/sertv.gob.pa\/crisolfm\/wp-json\/wp\/v2\/categories?post=26669"},{"taxonomy":"post_tag","embeddable":true,"href":"https:\/\/sertv.gob.pa\/crisolfm\/wp-json\/wp\/v2\/tags?post=26669"}],"curies":[{"name":"wp","href":"https:\/\/api.w.org\/{rel}","templated":true}]}}